{"id":934,"date":"2008-06-24T21:39:54","date_gmt":"2008-06-24T20:39:54","guid":{"rendered":"http:\/\/www.berrebi.org\/2008\/06\/24\/sarkozy-en-israel-mes-impressions\/"},"modified":"2008-06-24T21:39:54","modified_gmt":"2008-06-24T20:39:54","slug":"sarkozy-en-israel-mes-impressions","status":"publish","type":"post","link":"https:\/\/www.berrebi.org\/index.php\/2008\/06\/24\/sarkozy-en-israel-mes-impressions\/","title":{"rendered":"Sarkozy en Israel : Mes impressions"},"content":{"rendered":"<p><img decoding=\"async\" style=\"max-width: 800px;\" src=\"http:\/\/img.skitch.com\/20080624-kjm3kdae5dwp3jkdj9g39ugfbx.jpg\" alt=\"Copyright Daniel Kahn\" align=\"right\" \/>J&#8217;ai eu l&#8217;honneur d&#8217;\u00eatre invit\u00e9 par l&#8217;ambassade de France en Israel et France Telecom \u00e0 passer plusieurs heures ce matin aux rencontres \u00e9conomiques franco\/isra\u00e9liennes.<\/p>\n<p>J&#8217;y \u00e9tais avec Ouriel Ohayon de Techcrunch France et j&#8217;ai pu y rencontrer \u00e9norm\u00e9ment d&#8217;amis que je n&#8217;avais pas recroiser depuis de nombreuses ann\u00e9es.<\/p>\n<p>Alors que Shimon Peres nous a resservi son discours qui se r\u00e9sume dans &#8220;La haute technologie est la solution pour la paix&#8221;&#8230; (Moi aussi j&#8217;aime r\u00e9ver&#8230;)<\/p>\n<p>Laurence Parisot du Medef a eu un discours tr\u00e8s concret sur la mani\u00e8re dont les entreprises fran\u00e7aises et isra\u00e9liennes travaillent et doivent travailler ensemble. Son discours chaleureux \u00e9tait vraiment agr\u00e9able \u00e0 entendre agr\u00e9ment\u00e9 d&#8217;exemples de coop\u00e9ration entre des grandes entreprises fran\u00e7aises et des startups isra\u00e9liennes.<\/p>\n<p>Nicolas Sarkozy tant qu&#8217;\u00e0 lui n&#8217;a pas lu de fiches pour ce discours et a parl\u00e9 avec son coeur. Il a affirm\u00e9 que l&#8217;on ne pouvait pas dire que les relations Franco\/Isra\u00e9liennes \u00e9taient bonnes alors que les relations \u00e9conomiques entre les pays sont inf\u00e9rieures \u00e0 la fin des ann\u00e9es 90. Il a aussi affirm\u00e9 que plus l&#8217;on entend que les relations entre les 2 pays sont bonnes , plus dans les faits, elles sont mauvaises. Il a demand\u00e9 \u00e0 ce que les relations entre les pays soient de plus en plus fortes. Il a fini en f\u00e9licitant les isra\u00e9liens pour l&#8217;avanc\u00e9e technologique acquise en 60 ans depuis la cr\u00e9ation de cet \u00e9tat dont la taille fait moins de 4 d\u00e9partements fran\u00e7ais. C&#8217;est un tout petit r\u00e9sum\u00e9.<\/p>\n<p><a href=\"http:\/\/www.elysee.fr\/webtv\/index.php?intHomeMinisterId=0&#038;intChannelId=15&amp;intVideoId=615\">Je vous invite vraiment \u00e0 consulter la vid\u00e9o compl\u00e8te sur le site de l&#8217;Elys\u00e9e. Rien ne vaut la version originale<\/a><\/p>\n<p>En ce qui concerne le discours du pr\u00e9sident Sarkozy a la Knesset, je n&#8217;ai pas \u00e9t\u00e9 aussi enthousiaste. Il a l&#8217;air de parler de paix comme si cela allait se faire avec de simples n\u00e9gociations ou en partageant Jerusalem, arr\u00e9ter la colonisation, le terrorisme&#8230; Je ne lance pas le d\u00e9bat ici mais si c&#8217;\u00e9tait si simple, la paix aura d\u00e9j\u00e0 \u00e9t\u00e9 sign\u00e9e depuis des dizaines d&#8217;ann\u00e9es. Il existe des tonnes d&#8217;autres sujets sensibles et quasiment impossible \u00e0 r\u00e9soudre.<\/p>\n<p>Pour finir sur une note d&#8217;humour, l&#8217;un des journaux isra\u00e9liens a titr\u00e9 son journal dimanche &#8220;Carla en visite en Israel accompagn\u00e9e de son mari&#8221;. Il faut dire qu&#8217;elle est comme d&#8217;habitude l&#8217;un des grands sujets de discussions des journalistes. <\/p>\n<p><i>Dans la photo de gauche \u00e0 droite: Daniel Kahn (Avocat), Ouriel Ohayon (LGILab\/Techcrunch), Michael Benfredj (MyPronostic.com), St\u00e9phane Distinguin (Silicon Sentier\/Fabernovel) et moi m\u00eame. Copyright Daniel Kahn<\/i><\/p>\n<p>D&#8217;autres photos de Daniel Kahn qui faisait partie de la d\u00e9l\u00e9gation officielle sont disponibles sur Facebook <a href=\"http:\/\/www.facebook.com\/album.php?aid=40558&#038;l=1b0e9&amp;id=634810898\">ici<\/a> et <a href=\"http:\/\/www.facebook.com\/album.php?aid=40834&#038;l=48c69&amp;id=634810898\">ici<\/a><\/p>\n","protected":false},"excerpt":{"rendered":"<p>J&#8217;ai eu l&#8217;honneur d&#8217;\u00eatre invit\u00e9 par l&#8217;ambassade de France en Israel et France Telecom \u00e0 passer plusieurs heures ce matin aux rencontres \u00e9conomiques franco\/isra\u00e9liennes. J&#8217;y&#8230;<\/p>\n<div class=\"more-link-wrapper\"><a class=\"more-link\" href=\"https:\/\/www.berrebi.org\/index.php\/2008\/06\/24\/sarkozy-en-israel-mes-impressions\/\">Continue reading<span class=\"screen-reader-text\">Sarkozy en Israel : Mes impressions<\/span><\/a><\/div>\n","protected":false},"author":2,"featured_media":0,"comment_status":"open","ping_status":"open","sticky":false,"template":"","format":"standard","meta":{"footnotes":""},"categories":[1],"tags":[],"class_list":["post-934","post","type-post","status-publish","format-standard","hentry","category-uncategorized","entry"],"_links":{"self":[{"href":"https:\/\/www.berrebi.org\/index.php\/wp-json\/wp\/v2\/posts\/934","targetHints":{"allow":["GET"]}}],"collection":[{"href":"https:\/\/www.berrebi.org\/index.php\/wp-json\/wp\/v2\/posts"}],"about":[{"href":"https:\/\/www.berrebi.org\/index.php\/wp-json\/wp\/v2\/types\/post"}],"author":[{"embeddable":true,"href":"https:\/\/www.berrebi.org\/index.php\/wp-json\/wp\/v2\/users\/2"}],"replies":[{"embeddable":true,"href":"https:\/\/www.berrebi.org\/index.php\/wp-json\/wp\/v2\/comments?post=934"}],"version-history":[{"count":0,"href":"https:\/\/www.berrebi.org\/index.php\/wp-json\/wp\/v2\/posts\/934\/revisions"}],"wp:attachment":[{"href":"https:\/\/www.berrebi.org\/index.php\/wp-json\/wp\/v2\/media?parent=934"}],"wp:term":[{"taxonomy":"category","embeddable":true,"href":"https:\/\/www.berrebi.org\/index.php\/wp-json\/wp\/v2\/categories?post=934"},{"taxonomy":"post_tag","embeddable":true,"href":"https:\/\/www.berrebi.org\/index.php\/wp-json\/wp\/v2\/tags?post=934"}],"curies":[{"name":"wp","href":"https:\/\/api.w.org\/{rel}","templated":true}]}}