{"id":926,"date":"2008-06-18T17:32:43","date_gmt":"2008-06-18T16:32:43","guid":{"rendered":"http:\/\/www.berrebi.org\/2008\/06\/18\/demande-en-mariage-de-domenech-choquant\/"},"modified":"2008-06-18T17:32:43","modified_gmt":"2008-06-18T16:32:43","slug":"demande-en-mariage-de-domenech-choquant","status":"publish","type":"post","link":"https:\/\/www.berrebi.org\/index.php\/2008\/06\/18\/demande-en-mariage-de-domenech-choquant\/","title":{"rendered":"Demande en mariage de Domenech: choquant ?"},"content":{"rendered":"<p>Vous savez tous que le foot me prend la t\u00eate (Tapez &#8220;Anti Foot&#8221; ou &#8220;Anti Coupe du Monde&#8221; sur Google.fr pour savoir ce que j&#8217;en pense) et lorsque j&#8217;ai vu ce matin les infos et le fait que l&#8217;entraineur de l&#8217;\u00e9quipe de France avait demand\u00e9 sa compagne en mariage, je me suis dit &#8220;Ah ben tiens. C&#8217;est beau&#8230;dans un moment comme \u00e7a, il pense \u00e0 sa vraie vie&#8230;&#8221;. <\/p>\n<p><a href=\"http:\/\/tf1.lci.fr\/infos\/euro-2008\/0,,3882525,00-domenech-demande-mariage-direct-moment-humanite-.html\">Je lis \u00e0 l&#8217;instant sur LCI.fr<\/a><i><\/p>\n<p>Sur LCI hier soir, le consultant de TF1 Jean-Michel Larqu\u00e9 s&#8217;indigne : &#8220;<em>quand<br \/>il balance \u00e0 la face des 2 millions de licenci\u00e9s du football que son<br \/>seul projet et d&#8217;\u00e9pouser sa compagne, il se moque du monde<\/em>&#8220;.<\/i><\/p>\n<p>Alors l\u00e0, je deviens fou ! Vous voulez quoi ? Qu&#8217;il se pende parce que 11 mecs n&#8217;ont pas r\u00e9ussi \u00e0 mettre un ballon dans une cage ? <\/p>\n<p>Le pire est qu&#8217;il s&#8217;excuse pour avoir dit \u00e7a \u00e0 cause de ces commentaires&#8230; <\/p>\n<p>Franchement, quel d\u00e9bile ce Larqu\u00e9 pour sortir un commentaire pareil&#8230;Ca confirme ce que je pensais&#8230; Le foot est vraiment une religion tordue..<\/p>\n<p><i>Mise \u00e0 jour: <a href=\"http:\/\/www.facebook.com\/topic.php?uid=2401339941&#038;topic=4140#\/group.php?gid=17786782694&amp;ref=nf\">un groupe Facebook<\/a> demandant \u00e0 Estelle de refuser la demande de mariage a \u00e9t\u00e9 cr\u00e9\u00e9. Bon \u00e9videmment, l\u00e0 c&#8217;est ironique surtout que son auteur a mis M6 comme \u00e9tant \u00e0 l&#8217;origine de ce groupe.<\/i><\/p>\n","protected":false},"excerpt":{"rendered":"<p>Vous savez tous que le foot me prend la t\u00eate (Tapez &#8220;Anti Foot&#8221; ou &#8220;Anti Coupe du Monde&#8221; sur Google.fr pour savoir ce que j&#8217;en&#8230;<\/p>\n<div class=\"more-link-wrapper\"><a class=\"more-link\" href=\"https:\/\/www.berrebi.org\/index.php\/2008\/06\/18\/demande-en-mariage-de-domenech-choquant\/\">Continue reading<span class=\"screen-reader-text\">Demande en mariage de Domenech: choquant ?<\/span><\/a><\/div>\n","protected":false},"author":2,"featured_media":0,"comment_status":"open","ping_status":"open","sticky":false,"template":"","format":"standard","meta":{"footnotes":""},"categories":[1],"tags":[],"class_list":["post-926","post","type-post","status-publish","format-standard","hentry","category-uncategorized","entry"],"_links":{"self":[{"href":"https:\/\/www.berrebi.org\/index.php\/wp-json\/wp\/v2\/posts\/926","targetHints":{"allow":["GET"]}}],"collection":[{"href":"https:\/\/www.berrebi.org\/index.php\/wp-json\/wp\/v2\/posts"}],"about":[{"href":"https:\/\/www.berrebi.org\/index.php\/wp-json\/wp\/v2\/types\/post"}],"author":[{"embeddable":true,"href":"https:\/\/www.berrebi.org\/index.php\/wp-json\/wp\/v2\/users\/2"}],"replies":[{"embeddable":true,"href":"https:\/\/www.berrebi.org\/index.php\/wp-json\/wp\/v2\/comments?post=926"}],"version-history":[{"count":0,"href":"https:\/\/www.berrebi.org\/index.php\/wp-json\/wp\/v2\/posts\/926\/revisions"}],"wp:attachment":[{"href":"https:\/\/www.berrebi.org\/index.php\/wp-json\/wp\/v2\/media?parent=926"}],"wp:term":[{"taxonomy":"category","embeddable":true,"href":"https:\/\/www.berrebi.org\/index.php\/wp-json\/wp\/v2\/categories?post=926"},{"taxonomy":"post_tag","embeddable":true,"href":"https:\/\/www.berrebi.org\/index.php\/wp-json\/wp\/v2\/tags?post=926"}],"curies":[{"name":"wp","href":"https:\/\/api.w.org\/{rel}","templated":true}]}}