{"id":910,"date":"2008-05-21T18:24:15","date_gmt":"2008-05-21T17:24:15","guid":{"rendered":"http:\/\/www.berrebi.org\/2008\/05\/21\/boycott-euro-2008-meme-en-autriche-le-foot-doit-etre-boycotte\/"},"modified":"2008-05-21T18:24:15","modified_gmt":"2008-05-21T17:24:15","slug":"boycott-euro-2008-meme-en-autriche-le-foot-doit-etre-boycotte","status":"publish","type":"post","link":"https:\/\/www.berrebi.org\/index.php\/2008\/05\/21\/boycott-euro-2008-meme-en-autriche-le-foot-doit-etre-boycotte\/","title":{"rendered":"Boycott Euro 2008 : M\u00eame en Autriche, le foot doit \u00eatre boycott\u00e9"},"content":{"rendered":"<div style=''>Un petit post un peu pol\u00e9mique &#8230; Comme vous \u00eates oblig\u00e9 de le savoir, la coupe d&#8217;Europe de football (Euro 2008) approche et il est grand temps de retrousser ses manches et de lutter&#8230;<\/p>\n<p>Ma <a href=\"https:\/\/www.berrebi.org\/2006\/05\/26\/petition-on-sen-foot-du-foot\/\">p\u00e9tition Anti foot<\/a> datant de la derni\u00e8re coupe du monde de 2006 est toujours en ligne et a g\u00e9n\u00e9r\u00e9 plus de 430 commentaires assez passionnants d&#8217;anti foot et de fanas \u00e9cervel\u00e9s&#8230; (bon bon, je plaisante, je connais quelques mecs super intelligents qui adorent le foot&#8230;bien que je ne les comprenne toujours pas)&#8230;<\/p>\n<p>Il est donc temps de se r\u00e9veiller et de continuer \u00e0 signer la <a href=\"https:\/\/www.berrebi.org\/2006\/05\/26\/petition-on-sen-foot-du-foot\/\">p\u00e9tition anti foot<\/a> !!! <\/p>\n<p><\/div>\n","protected":false},"excerpt":{"rendered":"<p>Un petit post un peu pol\u00e9mique &#8230; Comme vous \u00eates oblig\u00e9 de le savoir, la coupe d&#8217;Europe de football (Euro 2008) approche et il est&#8230;<\/p>\n<div class=\"more-link-wrapper\"><a class=\"more-link\" href=\"https:\/\/www.berrebi.org\/index.php\/2008\/05\/21\/boycott-euro-2008-meme-en-autriche-le-foot-doit-etre-boycotte\/\">Continue reading<span class=\"screen-reader-text\">Boycott Euro 2008 : M\u00eame en Autriche, le foot doit \u00eatre boycott\u00e9<\/span><\/a><\/div>\n","protected":false},"author":2,"featured_media":0,"comment_status":"open","ping_status":"open","sticky":false,"template":"","format":"standard","meta":{"footnotes":""},"categories":[1],"tags":[],"class_list":["post-910","post","type-post","status-publish","format-standard","hentry","category-uncategorized","entry"],"_links":{"self":[{"href":"https:\/\/www.berrebi.org\/index.php\/wp-json\/wp\/v2\/posts\/910","targetHints":{"allow":["GET"]}}],"collection":[{"href":"https:\/\/www.berrebi.org\/index.php\/wp-json\/wp\/v2\/posts"}],"about":[{"href":"https:\/\/www.berrebi.org\/index.php\/wp-json\/wp\/v2\/types\/post"}],"author":[{"embeddable":true,"href":"https:\/\/www.berrebi.org\/index.php\/wp-json\/wp\/v2\/users\/2"}],"replies":[{"embeddable":true,"href":"https:\/\/www.berrebi.org\/index.php\/wp-json\/wp\/v2\/comments?post=910"}],"version-history":[{"count":0,"href":"https:\/\/www.berrebi.org\/index.php\/wp-json\/wp\/v2\/posts\/910\/revisions"}],"wp:attachment":[{"href":"https:\/\/www.berrebi.org\/index.php\/wp-json\/wp\/v2\/media?parent=910"}],"wp:term":[{"taxonomy":"category","embeddable":true,"href":"https:\/\/www.berrebi.org\/index.php\/wp-json\/wp\/v2\/categories?post=910"},{"taxonomy":"post_tag","embeddable":true,"href":"https:\/\/www.berrebi.org\/index.php\/wp-json\/wp\/v2\/tags?post=910"}],"curies":[{"name":"wp","href":"https:\/\/api.w.org\/{rel}","templated":true}]}}