{"id":885,"date":"2008-03-27T16:00:57","date_gmt":"2008-03-27T15:00:57","guid":{"rendered":"http:\/\/www.berrebi.org\/2008\/03\/27\/fuzz-condamne-contre-olivier-martinez\/"},"modified":"2008-03-27T16:00:57","modified_gmt":"2008-03-27T15:00:57","slug":"fuzz-condamne-contre-olivier-martinez","status":"publish","type":"post","link":"https:\/\/www.berrebi.org\/index.php\/2008\/03\/27\/fuzz-condamne-contre-olivier-martinez\/","title":{"rendered":"Fuzz condamn\u00e9 contre Olivier Martinez"},"content":{"rendered":"<p>Pr\u00e9parez vous les amis, \u00e7a va barder !<\/p>\n<p><a href=\"http:\/\/www.20minutes.fr\/article\/221746\/High-Tech-Fuzz-condamne-pour-avoir-publie-un-lien-portant-atteinte-a-Olivier-Martinez.php\">Toutes les infos sont repris \u00e0 la une de 20minutes.fr en ce moment m\u00eame<\/a><\/p>\n<p>Si Fuzz a \u00e9t\u00e9 condamn\u00e9, Le Monde et l&#8217;AFP devrait l&#8217;\u00eatre bient\u00f4t puisqu&#8217;ils annoncent en ce moment m\u00eame la m\u00eame information pour laquelle Fuzz a \u00e9t\u00e9 condamn\u00e9. <\/p>\n<p>Non, je ne ferais pas de lien vers cette article.. Pas envie de faire la connaissance de l&#8217;avocat d&#8217;Olivier Martinez que je n&#8217;aime pas.<\/p>\n<p><a href=\"http:\/\/www.umoor.eu\/blog\/boycott\/fuzz-joue-qui-perd-gagne\/\">PS: Un article tr\u00e8s int\u00e9ressant qui essaye de montrer le bon c\u00f4t\u00e9 de l&#8217;affaire pour Presse-Citron et le mauvais c\u00f4t\u00e9 pour Olivier Martinez<\/a><\/p>\n<p><a href=\"http:\/\/ecosphere.wordpress.com\/2008\/03\/27\/fuzz-martinez-rss-jugement\/\">D&#8217;un autre c\u00f4t\u00e9, Emmanuel Parody pense que les bloggeurs comme moi sont des cr\u00e9tins et demande une red\u00e9finition du cadre juridique d&#8217;\u00e9diteur sur Internet (pour moi ce cas est d\u00e9j\u00e0 g\u00e9r\u00e9 dans la LEN)<\/a><\/p>\n<p>En attendant, le service de Presse Citron est down&#8230;.Eric, tu veux pas rediriger ton domaine vers Zlio.com ? \ud83d\ude42<\/p>\n","protected":false},"excerpt":{"rendered":"<p>Pr\u00e9parez vous les amis, \u00e7a va barder ! Toutes les infos sont repris \u00e0 la une de 20minutes.fr en ce moment m\u00eame Si Fuzz a&#8230;<\/p>\n<div class=\"more-link-wrapper\"><a class=\"more-link\" href=\"https:\/\/www.berrebi.org\/index.php\/2008\/03\/27\/fuzz-condamne-contre-olivier-martinez\/\">Continue reading<span class=\"screen-reader-text\">Fuzz condamn\u00e9 contre Olivier Martinez<\/span><\/a><\/div>\n","protected":false},"author":2,"featured_media":0,"comment_status":"open","ping_status":"open","sticky":false,"template":"","format":"standard","meta":{"footnotes":""},"categories":[1],"tags":[],"class_list":["post-885","post","type-post","status-publish","format-standard","hentry","category-uncategorized","entry"],"_links":{"self":[{"href":"https:\/\/www.berrebi.org\/index.php\/wp-json\/wp\/v2\/posts\/885","targetHints":{"allow":["GET"]}}],"collection":[{"href":"https:\/\/www.berrebi.org\/index.php\/wp-json\/wp\/v2\/posts"}],"about":[{"href":"https:\/\/www.berrebi.org\/index.php\/wp-json\/wp\/v2\/types\/post"}],"author":[{"embeddable":true,"href":"https:\/\/www.berrebi.org\/index.php\/wp-json\/wp\/v2\/users\/2"}],"replies":[{"embeddable":true,"href":"https:\/\/www.berrebi.org\/index.php\/wp-json\/wp\/v2\/comments?post=885"}],"version-history":[{"count":0,"href":"https:\/\/www.berrebi.org\/index.php\/wp-json\/wp\/v2\/posts\/885\/revisions"}],"wp:attachment":[{"href":"https:\/\/www.berrebi.org\/index.php\/wp-json\/wp\/v2\/media?parent=885"}],"wp:term":[{"taxonomy":"category","embeddable":true,"href":"https:\/\/www.berrebi.org\/index.php\/wp-json\/wp\/v2\/categories?post=885"},{"taxonomy":"post_tag","embeddable":true,"href":"https:\/\/www.berrebi.org\/index.php\/wp-json\/wp\/v2\/tags?post=885"}],"curies":[{"name":"wp","href":"https:\/\/api.w.org\/{rel}","templated":true}]}}