{"id":875,"date":"2008-03-12T21:08:52","date_gmt":"2008-03-12T20:08:52","guid":{"rendered":"http:\/\/www.berrebi.org\/2008\/03\/12\/fuzz-a-ferme-a-cause-dune-plainte-completement-abusive\/"},"modified":"2008-03-12T21:08:52","modified_gmt":"2008-03-12T20:08:52","slug":"fuzz-a-ferme-a-cause-dune-plainte-completement-abusive","status":"publish","type":"post","link":"https:\/\/www.berrebi.org\/index.php\/2008\/03\/12\/fuzz-a-ferme-a-cause-dune-plainte-completement-abusive\/","title":{"rendered":"Fuzz a ferm\u00e9 \u00e0 cause d&#8217;une plainte compl\u00e9tement abusive"},"content":{"rendered":"<p><a href=\"http:\/\/www.presse-citron.net\/?2008\/03\/12\/3162-bonne-nouvelle-fuzz-rapporte-enfin-beaucoup-d-argent\">Fuzz.fr a \u00e9t\u00e9 ferm\u00e9 depuis ce matin \u00e0 cause d&#8217;une plainte compl\u00e9tement d\u00e9bile provenant d&#8217;un acteur fran\u00e7ais.<\/a> Cet acteur demande des dommages et int\u00e9r\u00eats \u00e0 Eric Dupin, le fondateur de Fuzz \u00e0 cause d&#8217;un article post\u00e9 par l&#8217;un des membres de Fuzz sur le service. Il est \u00e9vident que ces avocats n&#8217;ont pas notifi\u00e9 Fuzz en suivant la d\u00e9marche demand\u00e9e par la Loi sur l&#8217;\u00e9conomique num\u00e9rique (LEN)<\/p>\n<p>Je reviendrais bient\u00f4t sur ces plaintes provenant d&#8217;avocats incomp\u00e9tents et malhonn\u00eates et qui n&#8217;ont aucun scrupule \u00e0 attaquer des personnes absolument pas responsables. Eux facturent leurs clients&#8230;.les p\u00e8res de famille attaqu\u00e9s eux doivent pay\u00e9s pour ces b\u00e9tises.<font size=\"-1\"><\/font><\/p>\n<p>Je ne vais pas m&#8217;\u00e9tendre sur le sujet pour l&#8217;instant \u00e9tant moi aussi victime d&#8217;un proc\u00e8s en cours de la part d&#8217;une grande marque fran\u00e7aise (un marchand bien connu) qui attaque Zlio et moi m\u00eame \u00e0 titre personnel pour des raisons que je vous expliquerais un jour.<\/p>\n<p>Ce proc\u00e8s, qui est une grande farce, et qui dure depuis pr\u00e8s d&#8217;un an, devrait se conclure d\u00e9but juin, \u00e0 mon avis de mani\u00e8re tr\u00e8s positive.<\/p>\n","protected":false},"excerpt":{"rendered":"<p>Fuzz.fr a \u00e9t\u00e9 ferm\u00e9 depuis ce matin \u00e0 cause d&#8217;une plainte compl\u00e9tement d\u00e9bile provenant d&#8217;un acteur fran\u00e7ais. Cet acteur demande des dommages et int\u00e9r\u00eats \u00e0&#8230;<\/p>\n<div class=\"more-link-wrapper\"><a class=\"more-link\" href=\"https:\/\/www.berrebi.org\/index.php\/2008\/03\/12\/fuzz-a-ferme-a-cause-dune-plainte-completement-abusive\/\">Continue reading<span class=\"screen-reader-text\">Fuzz a ferm\u00e9 \u00e0 cause d&#8217;une plainte compl\u00e9tement abusive<\/span><\/a><\/div>\n","protected":false},"author":2,"featured_media":0,"comment_status":"open","ping_status":"open","sticky":false,"template":"","format":"standard","meta":{"footnotes":""},"categories":[1],"tags":[],"class_list":["post-875","post","type-post","status-publish","format-standard","hentry","category-uncategorized","entry"],"_links":{"self":[{"href":"https:\/\/www.berrebi.org\/index.php\/wp-json\/wp\/v2\/posts\/875","targetHints":{"allow":["GET"]}}],"collection":[{"href":"https:\/\/www.berrebi.org\/index.php\/wp-json\/wp\/v2\/posts"}],"about":[{"href":"https:\/\/www.berrebi.org\/index.php\/wp-json\/wp\/v2\/types\/post"}],"author":[{"embeddable":true,"href":"https:\/\/www.berrebi.org\/index.php\/wp-json\/wp\/v2\/users\/2"}],"replies":[{"embeddable":true,"href":"https:\/\/www.berrebi.org\/index.php\/wp-json\/wp\/v2\/comments?post=875"}],"version-history":[{"count":0,"href":"https:\/\/www.berrebi.org\/index.php\/wp-json\/wp\/v2\/posts\/875\/revisions"}],"wp:attachment":[{"href":"https:\/\/www.berrebi.org\/index.php\/wp-json\/wp\/v2\/media?parent=875"}],"wp:term":[{"taxonomy":"category","embeddable":true,"href":"https:\/\/www.berrebi.org\/index.php\/wp-json\/wp\/v2\/categories?post=875"},{"taxonomy":"post_tag","embeddable":true,"href":"https:\/\/www.berrebi.org\/index.php\/wp-json\/wp\/v2\/tags?post=875"}],"curies":[{"name":"wp","href":"https:\/\/api.w.org\/{rel}","templated":true}]}}