{"id":340,"date":"2006-07-25T08:04:01","date_gmt":"2006-07-25T07:04:01","guid":{"rendered":"http:\/\/127.0.0.1\/berrebi\/?p=340"},"modified":"2006-07-25T08:04:01","modified_gmt":"2006-07-25T07:04:01","slug":"une-cle-usb-made-in-africa-plus-solide-ca-cest-sur","status":"publish","type":"post","link":"https:\/\/www.berrebi.org\/index.php\/2006\/07\/25\/une-cle-usb-made-in-africa-plus-solide-ca-cest-sur\/","title":{"rendered":"Une cl\u00e9 USB Made in Africa ! Plus solide ! Ca c&#8217;est sur !"},"content":{"rendered":"<p><a href=\"http:\/\/www.core77.com\/blog\/object_culture\/sao_tome_e_principe_works_with_technology_4043.asp\"><img loading=\"lazy\" decoding=\"async\" alt=\"usbcraft.jpg\" src=\"http:\/\/www.core77.com\/blog\/images\/usbcraft.jpg\" class=\"image\" align=\"right\" border=\"0\" height=\"365\" width=\"312\" \/>Vu sur Core77<\/a> ,&nbsp; une petite entreprise africaine&nbsp; (de <a href=\"http:\/\/fr.wikipedia.org\/wiki\/Sao_Tom%C3%A9-et-Principe\">Sao Tome<\/a> plus&nbsp; pr\u00e9cisemment),&nbsp; se lance dans la personnalisation de cl\u00e9 USB en bois.&nbsp; <\/p>\n<p>J&#8217;adore ces principes de m\u00e9langer le meilleur des <i>2 mondes<\/i> ! et j&#8217;esp\u00e8re franchement que cela cartonnera ! C&#8217;est une excellente id\u00e9e cadeau en plus.<\/p>\n<p>La Cl\u00e9 USB devient un outil de plus en plus indispensable et le march\u00e9 de la personnalisation sera franchement un march\u00e9 porteur (la perso de t\u00e9l\u00e9phones mobiles continue de cartonner)<\/p>\n<p>Le projet a besoin de grosses commandes pour tenir. Si vous \u00eates un marchand \u00e0 la recherche de produits originaux, c&#8217;est le moment de contacter:<\/p>\n<p>Pedro Alegria @ pedro.alegria-at-gmail.com<\/p>\n<p>ou<\/p>\n<p>Patrick DeCarvalho @ patrickdecarvalho-at-yahoo.fr<\/p>\n","protected":false},"excerpt":{"rendered":"<p>Vu sur Core77 ,&nbsp; une petite entreprise africaine&nbsp; (de Sao Tome plus&nbsp; pr\u00e9cisemment),&nbsp; se lance dans la personnalisation de cl\u00e9 USB en bois.&nbsp; J&#8217;adore ces&#8230;<\/p>\n<div class=\"more-link-wrapper\"><a class=\"more-link\" href=\"https:\/\/www.berrebi.org\/index.php\/2006\/07\/25\/une-cle-usb-made-in-africa-plus-solide-ca-cest-sur\/\">Continue reading<span class=\"screen-reader-text\">Une cl\u00e9 USB Made in Africa ! Plus solide ! Ca c&#8217;est sur !<\/span><\/a><\/div>\n","protected":false},"author":1,"featured_media":0,"comment_status":"open","ping_status":"open","sticky":false,"template":"","format":"standard","meta":{"footnotes":""},"categories":[1],"tags":[],"class_list":["post-340","post","type-post","status-publish","format-standard","hentry","category-uncategorized","entry"],"_links":{"self":[{"href":"https:\/\/www.berrebi.org\/index.php\/wp-json\/wp\/v2\/posts\/340","targetHints":{"allow":["GET"]}}],"collection":[{"href":"https:\/\/www.berrebi.org\/index.php\/wp-json\/wp\/v2\/posts"}],"about":[{"href":"https:\/\/www.berrebi.org\/index.php\/wp-json\/wp\/v2\/types\/post"}],"author":[{"embeddable":true,"href":"https:\/\/www.berrebi.org\/index.php\/wp-json\/wp\/v2\/users\/1"}],"replies":[{"embeddable":true,"href":"https:\/\/www.berrebi.org\/index.php\/wp-json\/wp\/v2\/comments?post=340"}],"version-history":[{"count":0,"href":"https:\/\/www.berrebi.org\/index.php\/wp-json\/wp\/v2\/posts\/340\/revisions"}],"wp:attachment":[{"href":"https:\/\/www.berrebi.org\/index.php\/wp-json\/wp\/v2\/media?parent=340"}],"wp:term":[{"taxonomy":"category","embeddable":true,"href":"https:\/\/www.berrebi.org\/index.php\/wp-json\/wp\/v2\/categories?post=340"},{"taxonomy":"post_tag","embeddable":true,"href":"https:\/\/www.berrebi.org\/index.php\/wp-json\/wp\/v2\/tags?post=340"}],"curies":[{"name":"wp","href":"https:\/\/api.w.org\/{rel}","templated":true}]}}