{"id":331,"date":"2006-07-19T08:20:19","date_gmt":"2006-07-19T07:20:19","guid":{"rendered":"http:\/\/127.0.0.1\/berrebi\/?p=331"},"modified":"2006-07-19T08:20:19","modified_gmt":"2006-07-19T07:20:19","slug":"le-darfour-nest-pas-vendeur","status":"publish","type":"post","link":"https:\/\/www.berrebi.org\/index.php\/2006\/07\/19\/le-darfour-nest-pas-vendeur\/","title":{"rendered":"Le Darfour n&#8217;est pas vendeur !"},"content":{"rendered":"<p>Incroyable quand m\u00eame de voir le nombre de commentaires \u00e0 <a href=\"https:\/\/www.berrebi.org\/2006\/07\/18\/israel-liban-tout-le-monde-donne-son-avismais-fonde-sur-quoi\/\">mes posts sur le conflit Israel\/Liban<\/a> compar\u00e9 \u00e0 celui&nbsp; <a href=\"https:\/\/www.berrebi.org\/2006\/07\/14\/bloggueurs-et-internautes-le-darfour-a-besoin-de-votre-aide\/\">concernant les 300.000 morts au Darfour depuis 2003<\/a>.<\/p>\n<p>Mon appel a d&#8217;ailleurs \u00e9t\u00e9 tr\u00e8s tr\u00e8s peu relay\u00e9 sur les diff\u00e9rents blogs ! Vous ne trouvez pas \u00e7a bizarre ? <\/p>\n<p>Comment analyser cette diff\u00e9rence de traitement dans les m\u00e9dias et par vous m\u00eame ? <\/p>\n<p>Je lance des id\u00e9es (vraiment au hasard car je n&#8217;arrive pas \u00e0 comprendre):<\/p>\n<p>1. Il n&#8217;y a pas de fran\u00e7ais au Darfour, donc on s&#8217;en tape !<br \/>2. Vous vouliez passer vos vacances au Liban et l\u00e0 c&#8217;est rat\u00e9 ! <br \/>3. L&#8217;Afrique&#8230;On sait qu&#8217;il y a des tonnes de probl\u00e8mes l\u00e0 bas&#8230;mais nous n&#8217;avons aucune relation \u00e9conomique avec eux (Pas beaucoup de p\u00e9trole..etc..)<br \/>4. Israel\/Liban : c&#8217;est plus sympa ! Y&#8217;a des avions de chasses, des missiles&#8230;..! Les haches, c&#8217;est d\u00e9pass\u00e9 ! On va pas pouvoir en faire un super film !<br \/>5. 300.000 morts ? Ah ben c&#8217;est trop tard, on peut rien faire pour eux !<br \/>6. Mon blog traite de marketing et de Web 2.0&#8230;je vais pas gacher l&#8217;ambiance en parlant de morts quand m\u00eame !<br \/>7. Au Darfour, ils n&#8217;ont pas de blogs ou de comptes Flickr donc, ils n&#8217;existent pas !<\/p>\n<p>Je vous laisse compl\u00e9ter la liste&#8230;.mais surtout donnez votre avis&#8230;.<\/p>\n","protected":false},"excerpt":{"rendered":"<p>Incroyable quand m\u00eame de voir le nombre de commentaires \u00e0 mes posts sur le conflit Israel\/Liban compar\u00e9 \u00e0 celui&nbsp; concernant les 300.000 morts au Darfour&#8230;<\/p>\n<div class=\"more-link-wrapper\"><a class=\"more-link\" href=\"https:\/\/www.berrebi.org\/index.php\/2006\/07\/19\/le-darfour-nest-pas-vendeur\/\">Continue reading<span class=\"screen-reader-text\">Le Darfour n&#8217;est pas vendeur !<\/span><\/a><\/div>\n","protected":false},"author":1,"featured_media":0,"comment_status":"closed","ping_status":"closed","sticky":false,"template":"","format":"standard","meta":{"footnotes":""},"categories":[1],"tags":[],"class_list":["post-331","post","type-post","status-publish","format-standard","hentry","category-uncategorized","entry"],"_links":{"self":[{"href":"https:\/\/www.berrebi.org\/index.php\/wp-json\/wp\/v2\/posts\/331","targetHints":{"allow":["GET"]}}],"collection":[{"href":"https:\/\/www.berrebi.org\/index.php\/wp-json\/wp\/v2\/posts"}],"about":[{"href":"https:\/\/www.berrebi.org\/index.php\/wp-json\/wp\/v2\/types\/post"}],"author":[{"embeddable":true,"href":"https:\/\/www.berrebi.org\/index.php\/wp-json\/wp\/v2\/users\/1"}],"replies":[{"embeddable":true,"href":"https:\/\/www.berrebi.org\/index.php\/wp-json\/wp\/v2\/comments?post=331"}],"version-history":[{"count":0,"href":"https:\/\/www.berrebi.org\/index.php\/wp-json\/wp\/v2\/posts\/331\/revisions"}],"wp:attachment":[{"href":"https:\/\/www.berrebi.org\/index.php\/wp-json\/wp\/v2\/media?parent=331"}],"wp:term":[{"taxonomy":"category","embeddable":true,"href":"https:\/\/www.berrebi.org\/index.php\/wp-json\/wp\/v2\/categories?post=331"},{"taxonomy":"post_tag","embeddable":true,"href":"https:\/\/www.berrebi.org\/index.php\/wp-json\/wp\/v2\/tags?post=331"}],"curies":[{"name":"wp","href":"https:\/\/api.w.org\/{rel}","templated":true}]}}