{"id":329,"date":"2006-07-17T11:16:04","date_gmt":"2006-07-17T10:16:04","guid":{"rendered":"http:\/\/127.0.0.1\/berrebi\/?p=329"},"modified":"2006-07-17T11:16:04","modified_gmt":"2006-07-17T10:16:04","slug":"question-du-jour-vous-avez-la-parole","status":"publish","type":"post","link":"https:\/\/www.berrebi.org\/index.php\/2006\/07\/17\/question-du-jour-vous-avez-la-parole\/","title":{"rendered":"Question du jour &#8230; vous avez la parole&#8230;"},"content":{"rendered":"<p><a href=\"https:\/\/www.berrebi.org\/2006\/07\/16\/oui-cest-une-vraie-guerre\/\"><i><b>Toute ressemblance avec des faits r\u00e9els serait purement pas fortuite du tout<\/b><\/i><br \/><\/a><br \/>Que devrait faire la France <\/p>\n<p>Si 12000 missiles localis\u00e9s en Belgique \u00e9taient point\u00e9s dans sa direction ? <\/p>\n<p>Si certains d&#8217;entre eux \u00e9taient tir\u00e9s vers Strasbourg et autres localit\u00e9s avoisinantes en tuant des grands m\u00e8res, des enfants et des innocents &#8230;?<\/p>\n<p>et si apr\u00e8s 6 ans d&#8217;avertissement au pays , celui-ci ne fait rien pour combattre les propri\u00e9taires des missiles qui ne demandent qu&#8217;\u00e0 d\u00e9truire la France?<br \/><i><b><br \/>Plusieurs r\u00e9ponses possibles<\/b><br \/>1. La France ne fait rien et regarde ses habitants se faire massacrer.<br \/>2. La France&nbsp; va discuter autour d&#8217;une coupe de champagne avec l&#8217;ambassadeur Belge qui continue \u00e0 ne vouloir rien faire.<br \/>3. La France envoie ses tanks en Belgique pour faire le travail du pays \u00e0 sa place sachant que les aires de lancement de ces missiles se trouvent aussi au sein de zones habit\u00e9es en esp\u00e9rant que le gouvernement Belge se r\u00e9veille pour prendre en main la situation&#8230;<b><br \/><\/b><\/i><br \/>A vous les studios&#8230;Vos commentaires seront les bienvenus !<\/p>\n","protected":false},"excerpt":{"rendered":"<p>Toute ressemblance avec des faits r\u00e9els serait purement pas fortuite du toutQue devrait faire la France Si 12000 missiles localis\u00e9s en Belgique \u00e9taient point\u00e9s dans&#8230;<\/p>\n<div class=\"more-link-wrapper\"><a class=\"more-link\" href=\"https:\/\/www.berrebi.org\/index.php\/2006\/07\/17\/question-du-jour-vous-avez-la-parole\/\">Continue reading<span class=\"screen-reader-text\">Question du jour &#8230; vous avez la parole&#8230;<\/span><\/a><\/div>\n","protected":false},"author":1,"featured_media":0,"comment_status":"closed","ping_status":"closed","sticky":false,"template":"","format":"standard","meta":{"footnotes":""},"categories":[1],"tags":[],"class_list":["post-329","post","type-post","status-publish","format-standard","hentry","category-uncategorized","entry"],"_links":{"self":[{"href":"https:\/\/www.berrebi.org\/index.php\/wp-json\/wp\/v2\/posts\/329","targetHints":{"allow":["GET"]}}],"collection":[{"href":"https:\/\/www.berrebi.org\/index.php\/wp-json\/wp\/v2\/posts"}],"about":[{"href":"https:\/\/www.berrebi.org\/index.php\/wp-json\/wp\/v2\/types\/post"}],"author":[{"embeddable":true,"href":"https:\/\/www.berrebi.org\/index.php\/wp-json\/wp\/v2\/users\/1"}],"replies":[{"embeddable":true,"href":"https:\/\/www.berrebi.org\/index.php\/wp-json\/wp\/v2\/comments?post=329"}],"version-history":[{"count":0,"href":"https:\/\/www.berrebi.org\/index.php\/wp-json\/wp\/v2\/posts\/329\/revisions"}],"wp:attachment":[{"href":"https:\/\/www.berrebi.org\/index.php\/wp-json\/wp\/v2\/media?parent=329"}],"wp:term":[{"taxonomy":"category","embeddable":true,"href":"https:\/\/www.berrebi.org\/index.php\/wp-json\/wp\/v2\/categories?post=329"},{"taxonomy":"post_tag","embeddable":true,"href":"https:\/\/www.berrebi.org\/index.php\/wp-json\/wp\/v2\/tags?post=329"}],"curies":[{"name":"wp","href":"https:\/\/api.w.org\/{rel}","templated":true}]}}