{"id":328,"date":"2006-07-16T13:43:47","date_gmt":"2006-07-16T12:43:47","guid":{"rendered":"http:\/\/127.0.0.1\/berrebi\/?p=328"},"modified":"2006-07-16T13:43:47","modified_gmt":"2006-07-16T12:43:47","slug":"oui-cest-une-vraie-guerre","status":"publish","type":"post","link":"https:\/\/www.berrebi.org\/index.php\/2006\/07\/16\/oui-cest-une-vraie-guerre\/","title":{"rendered":"Oui, c&#8217;est une vraie guerre&#8230;"},"content":{"rendered":"<p>Merci \u00e0 tous ceux qui m&#8217;ont appel\u00e9 ou envoy\u00e9 des messages en raison des \u00e9v\u00e9nements en Israel. Comme vous le savez, l&#8217;\u00e9quipe de d\u00e9veloppement de <a href=\"http:\/\/www.zlio.com\/?refererZlioID=23\">Zlio <\/a>s&#8217;y trouve et moi aussi la plupart du&nbsp;<span id=\"PH_HP_IMAGE_M\"><\/span> temps.<\/p>\n<p>Effectivement, nous sommes r\u00e9ellement en climat de guerre m\u00eame si l&#8217;endroit o\u00f9 nous nous trouvons (Raanana- \u00e0 15mn au nord de Tel Aviv) se trouve \u00e0 1h00 de route de Haifa, ville extr\u00e9mement touch\u00e9e aujourd&#8217;hui par les roquettes du Hezbollah. (Plus de 9 civils morts). Nous sommes toutefois en \u00e9tat d&#8217;alerte \u00e9tant proche de Tel Aviv et guettons les sir\u00e8nes qui nous demanderaient de rentrer dans nos abris.<\/p>\n<p>Pour ceux qui ne connaissent pas Haifa touch\u00e9e ce matin, c&#8217;est l&#8217;une des villes comprenant le plus de centres de R&amp;D dans le pays notamment l&#8217;un des centres d&#8217;Intel (c&#8217;est ici que la technologie MMX longtemps mis en avant par la soci\u00e9t\u00e9 avait \u00e9t\u00e9 d\u00e9velopp\u00e9e de A \u00e0 Z). La ville h\u00e9berge aussi l&#8217;une des plus grandes universit\u00e9s scientifiques du monde: Le Technion, qui a bien sur cesser ses cours ce matin jusqu&#8217;\u00e0 nouvel ordre.<\/p>\n<p>Certains de mes amis pensaient que le pays \u00e9tait d\u00e9j\u00e0 en guerre depuis longtemps. Non, il n&#8217;\u00e9tait pas en guerre. Les abris (obligatoires) dans chaque immeuble ou maison du pays \u00e9taient utilis\u00e9s comme d\u00e9barras depuis des ann\u00e9es. Il y avait des \u00e9changes \u00e9conomiques entre le Liban, les territoires palestiniens et Israel en permanence.<\/p>\n<p>Evidemment, il y avait des attentats en plein milieu de villes habit\u00e9es mais c&#8217;\u00e9taient des \u00e9v\u00e8nements ponctuels. Le lendemain, on oubliait presque ce qu&#8217;il s&#8217;\u00e9tait passait la veille (sauf quand un membre de notre famille ou de nos amis \u00e9taient touch\u00e9s. L&#8217;un de mes amis est d\u00e9c\u00e9d\u00e9 \u00e0 21 ans en attendant le bus il y a 3 ans de cela).<\/p>\n<p>Aujourd&#8217;hui, des missiles tombent plusieurs fois par heure, les sonneries retentissent en permanence&#8230;<\/p>\n<p>Le Hezbollah a bien pr\u00e9vu son coup&#8230;l&#8217;attaque contre Israel a eu lieu , dans le calendrier juif, le <a href=\"http:\/\/fr.wikipedia.org\/wiki\/17_Tammouz\">17 Tammouz<\/a>, l&#8217;un des jours le plus noir de l&#8217;histoire juive. <\/p>\n<p>C&#8217;est le jour o\u00f9 Mo\u00efse a bris\u00e9 les tables de la loi au pied du Mont Sina\u00ef, le jour o\u00f9 plusieurs centaines d&#8217;ann\u00e9es apr\u00e8s, une partie des murailles de Jerusalem avaient \u00e9t\u00e9 d\u00e9truites par les romains (an 70)&nbsp; etc&#8230; (<a href=\"http:\/\/fr.wikipedia.org\/wiki\/17_Tammouz\">plus d&#8217;infos sur WIkipedia<\/a>)<\/p>\n<p>C&#8217;est un jour de je\u00fbne depuis des milliers d&#8217;ann\u00e9es&#8230;et c&#8217;est ce jour l\u00e0, pendant qu&#8217;une grande partie des juifs jeunaient, moi y compris, pour \u00e9viter \u00e0 ce qu&#8217;un nouveau malheur s&#8217;abbatte sur nous que celui-ci a commenc\u00e9. (En tant que croyant, vous pensez bien que cela fait encore plus r\u00e9fl\u00e9chir \ud83d\ude41 ).<\/p>\n<p>Cette guerre ? Pour quel raison ? Le Hezbollah affirme vouloir d\u00e9truire Israel&#8230;l&#8217;Iran les f\u00e9licite pour leur attaque&#8230;Moi, je ne les comprend pas.<\/p>\n<p>Les libanais de leur c\u00f4t\u00e9 sont mitig\u00e9s&#8230;Ils reprochent aux Hezbollah d&#8217;avoir lanc\u00e9 cette attaque alors que le Liban n&#8217;\u00e9tait plus du tout en guerre depuis des ann\u00e9es. <\/p>\n<p>D&#8217;un autre c\u00f4t\u00e9 ,la propagande des m\u00e9dias arabes arrivent \u00e0 leur faire croire que tout cela sera bon pour le pays&#8230;bien triste. On aurait pu tous passer de bonnes vacances&#8230;<\/p>\n<p><a href=\"http:\/\/tf1.lci.fr\/infos\/monde\/0,,3316843,00.html\">Comme l&#8217;affirme Caroline, fran\u00e7aise vivant au Liban sur TF1.fr<\/a> , &#8220;Le Hezbollah nous fait un coup foireux&#8221; <\/p>\n<p>Effectivement, je confirme&#8230;Tout le monde aurait pu s&#8217;en passer.<\/p>\n<p>Comment va se finir cette histoire ? Sommes nous repartis pour une guerre pendant plusieurs ann\u00e9es alors qu&#8217;apr\u00e8s le retrait de Gaza, on aurait pu esp\u00e9rer \u00e0 une meilleure entente entre les diff\u00e9rents pays ? Combien de temps va t&#8217;il falloir \u00e0 Israel pour d\u00e9truire les infrastructures terroristes du Liban ? (boulot qu&#8217;aurait d\u00fb faire le gouvernement libanais depuis longtemps).<\/p>\n<p>L&#8217;avenir nous le dira&#8230;.En attendant, la <i>World Gay Pride de Jerusalem<\/i><b> <\/b>pr\u00e9vu le 10 ao\u00fbt sera sans doute compromise&#8230;.Au moins cette guerre aura eu du bon pour quelque chose&#8230;(je reviendrais bient\u00f4t sur cette b\u00e9tise sans nom qui me tient \u00e0 coeur , vraiment \u00e0 coeur&#8230;)<\/p>\n<p><b>MISE A JOUR : Que ceux qui se demandent si la r\u00e9action d&#8217;Israel a \u00e9t\u00e9 disproportionn\u00e9e ou pas, rien ne vaut l&#8217;avis des int\u00e9ress\u00e9s. <a href=\"http:\/\/paris1.mfa.gov.il\/mfm\/Data\/98425.html\">Consultez les r\u00e9ponses de l&#8217;Ambassade d&#8217;Israel en France ici<\/a><\/b><\/p>\n","protected":false},"excerpt":{"rendered":"<p>Merci \u00e0 tous ceux qui m&#8217;ont appel\u00e9 ou envoy\u00e9 des messages en raison des \u00e9v\u00e9nements en Israel. Comme vous le savez, l&#8217;\u00e9quipe de d\u00e9veloppement de&#8230;<\/p>\n<div class=\"more-link-wrapper\"><a class=\"more-link\" href=\"https:\/\/www.berrebi.org\/index.php\/2006\/07\/16\/oui-cest-une-vraie-guerre\/\">Continue reading<span class=\"screen-reader-text\">Oui, c&#8217;est une vraie guerre&#8230;<\/span><\/a><\/div>\n","protected":false},"author":1,"featured_media":0,"comment_status":"closed","ping_status":"closed","sticky":false,"template":"","format":"standard","meta":{"footnotes":""},"categories":[1],"tags":[],"class_list":["post-328","post","type-post","status-publish","format-standard","hentry","category-uncategorized","entry"],"_links":{"self":[{"href":"https:\/\/www.berrebi.org\/index.php\/wp-json\/wp\/v2\/posts\/328","targetHints":{"allow":["GET"]}}],"collection":[{"href":"https:\/\/www.berrebi.org\/index.php\/wp-json\/wp\/v2\/posts"}],"about":[{"href":"https:\/\/www.berrebi.org\/index.php\/wp-json\/wp\/v2\/types\/post"}],"author":[{"embeddable":true,"href":"https:\/\/www.berrebi.org\/index.php\/wp-json\/wp\/v2\/users\/1"}],"replies":[{"embeddable":true,"href":"https:\/\/www.berrebi.org\/index.php\/wp-json\/wp\/v2\/comments?post=328"}],"version-history":[{"count":0,"href":"https:\/\/www.berrebi.org\/index.php\/wp-json\/wp\/v2\/posts\/328\/revisions"}],"wp:attachment":[{"href":"https:\/\/www.berrebi.org\/index.php\/wp-json\/wp\/v2\/media?parent=328"}],"wp:term":[{"taxonomy":"category","embeddable":true,"href":"https:\/\/www.berrebi.org\/index.php\/wp-json\/wp\/v2\/categories?post=328"},{"taxonomy":"post_tag","embeddable":true,"href":"https:\/\/www.berrebi.org\/index.php\/wp-json\/wp\/v2\/tags?post=328"}],"curies":[{"name":"wp","href":"https:\/\/api.w.org\/{rel}","templated":true}]}}