{"id":326,"date":"2006-07-14T09:14:55","date_gmt":"2006-07-14T08:14:55","guid":{"rendered":"http:\/\/127.0.0.1\/berrebi\/?p=326"},"modified":"2006-07-14T09:14:55","modified_gmt":"2006-07-14T08:14:55","slug":"bloggueurs-et-internautes-le-darfour-a-besoin-de-votre-aide","status":"publish","type":"post","link":"https:\/\/www.berrebi.org\/index.php\/2006\/07\/14\/bloggueurs-et-internautes-le-darfour-a-besoin-de-votre-aide\/","title":{"rendered":"Bloggueurs et internautes ! Le Darfour a besoin de votre aide !"},"content":{"rendered":"<p><a href=\"http:\/\/www.urgencedarfour.org\/\">                <img decoding=\"async\" src=\"http:\/\/www.urgencedarfour.org\/logo.jpg\" align=\"right\" border=\"0\" \/>            <\/a>Certains d\u2019entre vous n\u2019ont peut \u00eatre jamais entendu parler du <a href=\"http:\/\/fr.wikipedia.org\/wiki\/Darfour\">Darfour<\/a>\u2026cette r\u00e9gion du Soudan o\u00f9 des centaines de milliers de personnes ont \u00e9t\u00e9 tu\u00e9es sauvagement depuis 2003.<\/p>\n<p>Le v\u00e9ritable scandale est que personne n\u2019en parle !!! Personne n\u2019essaye de faire quoique ce soit pour faire arr\u00e9ter \u00e7a ! Les m\u00e9dias relayent l\u2019information tellement modestement (une petite br\u00eave de 15 lignes sur le site de TF1 de temps&nbsp; en temps) que l\u2019on pourrait se demander si nous ne sommes pas tous responsables de ce qui arrivent l\u00e0 bas !<\/p>\n<p>Amis bloggueur ! Il faut que vous puissiez relayer ces informations sur votre blog ! Si les m\u00e9dias ne veulent pas en parler car le sujet n\u2019est peut \u00eatre pas assez vendeur , ce sera donc \u00e0 nous de lefaire !<\/p>\n<p>L\u2019un de mes amis d\u2019enfance, Mahor Chiche, est Vice President du collectif <a href=\"http:\/\/www.urgencedarfour.org\/\">Sauver le Darfour<\/a> (en plus d\u2019\u00eatre l\u2019un des dirigeants de SOS Racisme et \u00e9lu charg\u00e9 des droits de l\u2019homme, \u00e0 la mairie de Paris 19eme) qui essaye difficilement de faire passer ce message !<\/p>\n<p>Je lui ai pos\u00e9 quelques questions simples qui vous permettront de comprendre en quelques lignes quelle est l\u2019\u00e9tendue du probl\u00e8me. A titre personnel, je suis d\u00e9gout\u00e9 que l\u2019on ne fasse rien, que l\u2019on traite d\u2019un coup de boule pendant 15mn aux infos alors que pendant ce temps l\u00e0, des gens se font \u00e9gorger TOUS LES JOURS.<\/p>\n<p>Sommes nous si \u00e9goistes ? C\u2019est \u00e7a la soci\u00e9t\u00e9 que nous avons voulu construire ? Avons nous de quoi \u00eatre fier de cela ? En quoi notre vie devrait valoir plus que la leur ?<\/p>\n<p><b>Interview: <\/p>\n<p><\/b><b>Jeremie B: Qui \u00eates vous ?<\/b><\/p>\n<p>Mahor Chiche: Sauver Le Darfour (SLD) est un collectif d\u2019associations r\u00e9unissant de nombreuses<br \/>associations et organisations politiques afin de mobiliser l\u2019opinion publique<br \/>internationale en faveur d\u2019une intervention en faveur des populations civiles<br \/>du DARFOUR.<\/p>\n<p><b>JB: O\u00f9 se trouve le Darfour ?<\/b><\/p>\n<p>MC : Le Darfour est une province de l\u2019Ouest du SOUDAN de 6 millions d\u2019\u00e2mes, soit en<br \/>Afrique. Cette r\u00e9gion est peupl\u00e9e de nombreuses tribus musulmanes.<\/p>\n<p><b>JB: Que s\u2019y passe t\u2019il ?<\/b><\/p>\n<p><img loading=\"lazy\" decoding=\"async\" src=\"http:\/\/upload.wikimedia.org\/wikipedia\/commons\/6\/6e\/Darfur_map.png\" alt=\"carte du Darfour\" align=\"right\" height=\"355\" width=\"330\" \/>MC : Depuis 2003, on compte pr\u00e8s de <b>300 000 morts<\/b>, 230 000 r\u00e9fugi\u00e9s et plus de 2<span><\/span><br \/>millions de d\u00e9plac\u00e9s qui ne peuvent s\u2019expliquer que par une politique de<br \/>nettoyage ethnique organis\u00e9e par le pouvoir soudanais.<br \/>Le gouvernement soudanais s\u2019en prend aux populations civiles des tribus<br \/>musulmanes noires du Darfour.<\/p>\n<p>Khartoum arme les milices arabes Janjaweed qui volent, violent, pillent et tuent<br \/>aux cris de &#8220;Tuer tous les Noirs, tuez tous les esclaves&#8221;.<\/p>\n<p>Les enqu\u00eateurs de l\u2019ONU ont qualifi\u00e9 de crimes de guerre et crimes contre<br \/>l\u2019humanit\u00e9 les exactions sur les populations civiles du Darfour.<br \/>Selon Kofi Annan, &#8220;<b>le Darfour, c\u2019est l\u2019enfer sur terre<\/b>&#8220;.<\/p>\n<p><b>JB: Pourquoi personne n&#8217;en parle ?<\/b><\/p>\n<p>MC :La communaut\u00e9 internationale se d\u00e9sint\u00e9resse du Darfour parce qu\u2019il ne<br \/>repr\u00e9sente aucun int\u00e9r\u00eat strat\u00e9gique.<br \/>Les m\u00e9dias ne s\u2019y int\u00e9ressent pas car c\u2019est loin, c\u2019est en Afrique et peu<br \/>vendeur.<br \/>On a beaucoup de mal \u00e0 faire conna\u00eetre ce drame, on a besoin de la mobilisation<br \/>des personnalit\u00e9s et des citoyens pour rendre importante cette cause.<\/p>\n<p><b>JB: Que peut on faire pour faire arr\u00eater \u00e7a ?<\/b><\/p>\n<p>MC : Aujourd\u2019hui, il faut appliquer l\u2019article 42 du chapitre 7 de la Charte des<br \/>Nations Unies, le Conseil de s\u00e9curit\u00e9 peut entreprendre, au moyen de forces<br \/>a\u00e9riennes, navales ou terrestres, toute action qu\u2019il juge n\u00e9cessaire au<br \/>maintien ou au r\u00e9tablissement de la paix et de la s\u00e9curit\u00e9 internationale.<\/p>\n<p>Pour faire cesser le g\u00e9nocide, l\u2019ONU s\u2019est malheureusement r\u00e9sign\u00e9e \u00e0 obtenir le<br \/>consentement du gouvernement soudanais ce que n\u2019impose nullement la Charte des<br \/>Nations Unies.<br \/>Seule l\u2019intervention des casques bleus permettrait de pr\u00e9venir ou de r\u00e9agir<br \/>contre les attaques sur les populations civiles du Darfour et de prot\u00e9ger les<br \/>travailleurs humanitaires afin qu\u2019ils remplissent leurs missions en toute<br \/>s\u00e9curit\u00e9.<\/p>\n<p><b>JB: Que r\u00e9pondent les dirigeants politiques \u00e0 vos appels ?<\/b><\/p>\n<p>MC: Dominique De VILLEPIN vient de d\u00e9bloquer 4 millions d\u2019euros pour le Darfour via<br \/>le programme alimentaire mondial. De nombreux parlementaires soutiennent la<br \/>mobilisation pour le Darfour en signant divers appels et en participant \u00e0 nos<br \/>initiatives.<\/p>\n<p>Il faut de toute urgence faire pression sur le Pr\u00e9sident de la R\u00e9publique pour<br \/>qu\u2019au sein du Conseil de s\u00e9curit\u00e9, il presse la Chine et la Russie de voter une<br \/>intervention des casques bleus.<\/p>\n","protected":false},"excerpt":{"rendered":"<p>Certains d\u2019entre vous n\u2019ont peut \u00eatre jamais entendu parler du Darfour\u2026cette r\u00e9gion du Soudan o\u00f9 des centaines de milliers de personnes ont \u00e9t\u00e9 tu\u00e9es sauvagement&#8230;<\/p>\n<div class=\"more-link-wrapper\"><a class=\"more-link\" href=\"https:\/\/www.berrebi.org\/index.php\/2006\/07\/14\/bloggueurs-et-internautes-le-darfour-a-besoin-de-votre-aide\/\">Continue reading<span class=\"screen-reader-text\">Bloggueurs et internautes ! Le Darfour a besoin de votre aide !<\/span><\/a><\/div>\n","protected":false},"author":1,"featured_media":0,"comment_status":"open","ping_status":"open","sticky":false,"template":"","format":"standard","meta":{"footnotes":""},"categories":[1],"tags":[],"class_list":["post-326","post","type-post","status-publish","format-standard","hentry","category-uncategorized","entry"],"_links":{"self":[{"href":"https:\/\/www.berrebi.org\/index.php\/wp-json\/wp\/v2\/posts\/326","targetHints":{"allow":["GET"]}}],"collection":[{"href":"https:\/\/www.berrebi.org\/index.php\/wp-json\/wp\/v2\/posts"}],"about":[{"href":"https:\/\/www.berrebi.org\/index.php\/wp-json\/wp\/v2\/types\/post"}],"author":[{"embeddable":true,"href":"https:\/\/www.berrebi.org\/index.php\/wp-json\/wp\/v2\/users\/1"}],"replies":[{"embeddable":true,"href":"https:\/\/www.berrebi.org\/index.php\/wp-json\/wp\/v2\/comments?post=326"}],"version-history":[{"count":0,"href":"https:\/\/www.berrebi.org\/index.php\/wp-json\/wp\/v2\/posts\/326\/revisions"}],"wp:attachment":[{"href":"https:\/\/www.berrebi.org\/index.php\/wp-json\/wp\/v2\/media?parent=326"}],"wp:term":[{"taxonomy":"category","embeddable":true,"href":"https:\/\/www.berrebi.org\/index.php\/wp-json\/wp\/v2\/categories?post=326"},{"taxonomy":"post_tag","embeddable":true,"href":"https:\/\/www.berrebi.org\/index.php\/wp-json\/wp\/v2\/tags?post=326"}],"curies":[{"name":"wp","href":"https:\/\/api.w.org\/{rel}","templated":true}]}}