{"id":321,"date":"2006-07-11T18:01:58","date_gmt":"2006-07-11T17:01:58","guid":{"rendered":"http:\/\/127.0.0.1\/berrebi\/?p=321"},"modified":"2006-07-11T18:01:58","modified_gmt":"2006-07-11T17:01:58","slug":"abonnez-vous-a-votre-brosse-a-dents-grace-a-brosseadomicilecom","status":"publish","type":"post","link":"https:\/\/www.berrebi.org\/index.php\/2006\/07\/11\/abonnez-vous-a-votre-brosse-a-dents-grace-a-brosseadomicilecom\/","title":{"rendered":"Abonnez-vous \u00e0 votre brosse \u00e0 dents gr\u00e2ce \u00e0 brosseadomicile.com"},"content":{"rendered":"<p>J\u00e9r\u00e9mie a propos\u00e9 de <a href=\"https:\/\/www.berrebi.org\/2006\/07\/04\/nouvelle-rubrique-sur-ce-blog-a-vous-lhonneur-presentez-votre-nouveau-projet\/\">pr\u00e9senter de nouveaux concepts<\/a> alors c&#8217;est avec plaisir que je lui ai propos\u00e9 de parler de celui que j&#8217;ai lanc\u00e9 il y a 2 mois et qui connait un gros succ\u00e8s : <a href=\"http:\/\/www.brosseadomicile.com\">brosseadomicile.com<\/a>.<\/p>\n<p><strong><img loading=\"lazy\" decoding=\"async\" alt=\"Logo Brosseadomicile.com\" src=\"http:\/\/www.brosseadomicile.com\/web\/images\/logo1.jpg\" height=\"49\" width=\"330\" \/><\/strong><\/p>\n<div><\/p>\n<div><strong>C&#8217;est quoi brosseadomicile.com ?<\/strong><\/div>\n<p><\/p>\n<div>C&#8217;est un concept novateur dans la sant\u00e9 bucco-dentaire : l&#8217;abonnement \u00e0 sa brosse \u00e0 dents !<\/div>\n<p><\/div>\n<p>En effet, pour une bonne hygi\u00e8ne dentaire, les dentistes recommandent de changer de brosse \u00e0 dents <strong>tous les trois mois<\/strong> (au minimum). Pourtant en moyenne, nous ne changeons de brosse \u00e0 dents <strong>que 1,5 fois par an, au lieu de 4<\/strong> ! Pourquoi ? Tout simplement parce que l\u2019on n\u2019y pense pas. Alors pour ne plus avoir \u00e0 y penser et garder malgr\u00e9 tout une bonne hygi\u00e8ne dentaire, <strong>brosseadomicile.com<\/strong> propose donc un service innovant : <strong>l&#8217;abonnement \u00e0 sa brosse \u00e0 dents<\/strong>.<\/p>\n<p><strong>Comment m&#8217;est venue cette id\u00e9e ?<br \/><\/strong><img decoding=\"async\" alt=\"Site brosseadomicile.com\" src=\"http:\/\/www.brosseadomicile.com\/web\/images\/capture-site.jpg\" align=\"right\" \/>J&#8217;ai eu cette id\u00e9e il y a 3 ans en faisant de la veille sur Internet. J&#8217;ai d\u00e9couvert \u00e0 cette \u00e9poque une soci\u00e9t\u00e9 Suisse qui venait de lancer un site d&#8217;abonnement \u00e0 ses chausettes. Quelques jours apr\u00e8s, j&#8217;ai lu une \u00e9tude sur la probl\u00e9matique de sant\u00e9 bucco-dentaire en France. Et un soir, en tant qu&#8217;entrepreneur qui cogite beaucoup, \u00e7a a fait tilt dans ma t\u00eate : pourquoi ne pas proposer aux gens de s&#8217;abonner \u00e0 leur brosse \u00e0 dents, et ainsi la recevoir chez eux sans rien faire ! Ce serait le moyen le plus efficace pour essayer de remonter la moyenne de 1.5 brosse par an au lieu de 4 minimum recommand\u00e9.<\/p>\n<p>J&#8217;ai pos\u00e9 cette id\u00e9e sur le papier et l&#8217;ai propos\u00e9e au concours D\u00e9fi Jeunes que j&#8217;ai remport\u00e9 en r\u00e9gion. J&#8217;ai ensuite \u00e9t\u00e9 invit\u00e9 par le Pr\u00e9sident de la R\u00e9publique \u00e0 l&#8217;Elys\u00e9e.<\/p>\n<p>Apr\u00e8s deux ans de d\u00e9veloppement et la signature de partenariats importants, brosseadomicile.com est n\u00e9 et a \u00e9t\u00e9 lanc\u00e9 d\u00e9but mai.<\/p>\n<p>Les retomb\u00e9s m\u00e9diatiques et surtout les commandes sont au rendez-vous. En deux mois, plus de 1000 clients (mais en fait 3000 personnes diff\u00e9rentes car beaucoup commandent pour toute la famille). Le chiffre d&#8217;affaires est de plus de 12 000 euros aujourd&#8217;hui.<\/p>\n<p><strong>Qui est derri\u00e8re ce concept ?<\/strong><\/p>\n<p><img loading=\"lazy\" decoding=\"async\" alt=\"Fr\u00e9d\u00e9ric JAN\" src=\"http:\/\/www.brosseadomicile.com\/web\/images\/profil.jpg\" align=\"left\" height=\"137\" width=\"114\" \/>Je m&#8217;appelle Fr\u00e9d\u00e9ric JAN, j&#8217;ai 30 ans et suis le cr\u00e9ateur de brosseadomicile.com. Je d\u00e9veloppe tout cela depuis Caen, en Normandie.<\/p>\n<p>Avant cela, j&#8217;ai fond\u00e9 \u00e0 23 ans, en 1999, une web agency (<a href=\"http:\/\/www.net-conception.com\/\">www.net-conception.com<\/a>), j&#8217;en suis toujours le g\u00e9rant et j&#8217;ai une \u00e9quipe de 6 personnes. Nous travaillons pour les entreprises et les collectivit\u00e9s qui veulent un site Internet ou des syst\u00e8mes de bases de donn\u00e9es en ligne.<\/p>\n<p>Pour brosseadomicile.com, je suis assist\u00e9 de deux personnes qui s&#8217;occupent plus de la partie exp\u00e9dition car tout est g\u00e9r\u00e9 en interne (achat des brosses en direct chez les fabricants, stockage, traitement des commandes, exp\u00e9dition). Derri\u00e8re le site brosseadomicile.com, il y a gros syst\u00e8me d&#8217;information qui g\u00e8re les abonnements, l&#8217;\u00e9dition des bons de livraison, et la gestion des stocks.<\/p>\n<p><strong>L&#8217;avenir de brosseadomicile.com ?<\/strong><\/p>\n<p>Nous sommes en train de d\u00e9velopper deux axes majeurs :<\/p>\n<ol>\t<\/p>\n<li>une communication \u00e0 partir de mi-Ao\u00fbt avec la sortie de 400 000 flyers, qui seront distribu\u00e9s en partenariat chez les dentistes (qui nous r\u00e9clament des supports de communication pour mettre dans leurs salles d&#8217;attente), dans les plus grandes villes fran\u00e7aises et sur les plages de la C\u00f4te d&#8217;Azur.<\/li>\n<p>\t<\/p>\n<li>le lancement de brosseadomicile.com aux Etats-Unis avant la fin de l&#8217;ann\u00e9e, avec une prise de participation de plusieurs investisseurs&#8230;<\/li>\n<p><\/ol>\n<p>Alors, chers lecteurs du Jeremie&#8217;s blog, n&#8217;h\u00e9sitez plus et abonnez-vous \u00e0 votre brosse \u00e0 dents !<\/p>\n<p align=\"center\"><a href=\"http:\/\/www.brosseadomicile.com\/\">www.brosseadomicile.com<\/a><br \/>et pour suivre l&#8217;aventure, le blog : <a href=\"http:\/\/brosseadomicile.typepad.com\/\">http:\/\/brosseadomicile.typepad.com<\/a><\/p>\n","protected":false},"excerpt":{"rendered":"<p>J\u00e9r\u00e9mie a propos\u00e9 de pr\u00e9senter de nouveaux concepts alors c&#8217;est avec plaisir que je lui ai propos\u00e9 de parler de celui que j&#8217;ai lanc\u00e9 il&#8230;<\/p>\n<div class=\"more-link-wrapper\"><a class=\"more-link\" href=\"https:\/\/www.berrebi.org\/index.php\/2006\/07\/11\/abonnez-vous-a-votre-brosse-a-dents-grace-a-brosseadomicilecom\/\">Continue reading<span class=\"screen-reader-text\">Abonnez-vous \u00e0 votre brosse \u00e0 dents gr\u00e2ce \u00e0 brosseadomicile.com<\/span><\/a><\/div>\n","protected":false},"author":1,"featured_media":0,"comment_status":"open","ping_status":"open","sticky":false,"template":"","format":"standard","meta":{"footnotes":""},"categories":[1],"tags":[],"class_list":["post-321","post","type-post","status-publish","format-standard","hentry","category-uncategorized","entry"],"_links":{"self":[{"href":"https:\/\/www.berrebi.org\/index.php\/wp-json\/wp\/v2\/posts\/321","targetHints":{"allow":["GET"]}}],"collection":[{"href":"https:\/\/www.berrebi.org\/index.php\/wp-json\/wp\/v2\/posts"}],"about":[{"href":"https:\/\/www.berrebi.org\/index.php\/wp-json\/wp\/v2\/types\/post"}],"author":[{"embeddable":true,"href":"https:\/\/www.berrebi.org\/index.php\/wp-json\/wp\/v2\/users\/1"}],"replies":[{"embeddable":true,"href":"https:\/\/www.berrebi.org\/index.php\/wp-json\/wp\/v2\/comments?post=321"}],"version-history":[{"count":0,"href":"https:\/\/www.berrebi.org\/index.php\/wp-json\/wp\/v2\/posts\/321\/revisions"}],"wp:attachment":[{"href":"https:\/\/www.berrebi.org\/index.php\/wp-json\/wp\/v2\/media?parent=321"}],"wp:term":[{"taxonomy":"category","embeddable":true,"href":"https:\/\/www.berrebi.org\/index.php\/wp-json\/wp\/v2\/categories?post=321"},{"taxonomy":"post_tag","embeddable":true,"href":"https:\/\/www.berrebi.org\/index.php\/wp-json\/wp\/v2\/tags?post=321"}],"curies":[{"name":"wp","href":"https:\/\/api.w.org\/{rel}","templated":true}]}}