{"id":309,"date":"2006-07-03T13:37:57","date_gmt":"2006-07-03T12:37:57","guid":{"rendered":"http:\/\/127.0.0.1\/berrebi\/?p=309"},"modified":"2006-07-03T13:37:57","modified_gmt":"2006-07-03T12:37:57","slug":"le-palm-treo-650-bientot-plus-disponible-en-europe","status":"publish","type":"post","link":"https:\/\/www.berrebi.org\/index.php\/2006\/07\/03\/le-palm-treo-650-bientot-plus-disponible-en-europe\/","title":{"rendered":"Le Palm Treo 650 bient\u00f4t plus disponible en Europe !!!"},"content":{"rendered":"<p><b>Ceci est une annonce importante de la part de Palm ! <\/b><\/p>\n<p><img decoding=\"async\" src=\"http:\/\/images.zlio.com\/product\/small\/566642.jpg\" \/>Je <a href=\"http:\/\/www.pdafrance.com\/articles\/newsitem.php?id=7096\">viens d&#8217;apprendre via PDA France <\/a>que Palm allait cesser la livraison du <a href=\"http:\/\/www.zlio.com\/see\/566642\/23\">Treo 650<\/a> en Europe d\u00e8s aujourd&#8217;hui \u00e0 cause d&#8217;une nouvelle loi europ\u00e9enne sur l&#8217;environnement qui interdit l&#8217;utilisation de plomb et 5 autres produits toxiques dans des appareils \u00e9lectroniques. Le <a href=\"http:\/\/www.zlio.com\/see\/566642\/23\">Treo 650<\/a> en fait partie !<\/p>\n<p><a href=\"https:\/\/www.berrebi.org\/2006\/05\/15\/pda-communiquant-treo-650-clavier-azerty\/\">J&#8217;ai souvent eu l&#8217;occasion de vous dire tout le bien que je pensais <\/a>de mon fid\u00e9le compagnon Treo 650. <\/p>\n<p>Foncez donc pour acheter les derniers disponibles. <a href=\"http:\/\/www.zlio.com\/see\/566642\/23\">Vous pouvez cliquer ici pour une comparaison des marchands en ligne fran\u00e7ais !<\/a><br \/><font size=\"2\"><font face=\"Helvetica\"><\/p>\n<p><\/font><\/font><\/p>\n","protected":false},"excerpt":{"rendered":"<p>Ceci est une annonce importante de la part de Palm ! Je viens d&#8217;apprendre via PDA France que Palm allait cesser la livraison du Treo&#8230;<\/p>\n<div class=\"more-link-wrapper\"><a class=\"more-link\" href=\"https:\/\/www.berrebi.org\/index.php\/2006\/07\/03\/le-palm-treo-650-bientot-plus-disponible-en-europe\/\">Continue reading<span class=\"screen-reader-text\">Le Palm Treo 650 bient\u00f4t plus disponible en Europe !!!<\/span><\/a><\/div>\n","protected":false},"author":1,"featured_media":0,"comment_status":"open","ping_status":"open","sticky":false,"template":"","format":"standard","meta":{"footnotes":""},"categories":[1],"tags":[],"class_list":["post-309","post","type-post","status-publish","format-standard","hentry","category-uncategorized","entry"],"_links":{"self":[{"href":"https:\/\/www.berrebi.org\/index.php\/wp-json\/wp\/v2\/posts\/309","targetHints":{"allow":["GET"]}}],"collection":[{"href":"https:\/\/www.berrebi.org\/index.php\/wp-json\/wp\/v2\/posts"}],"about":[{"href":"https:\/\/www.berrebi.org\/index.php\/wp-json\/wp\/v2\/types\/post"}],"author":[{"embeddable":true,"href":"https:\/\/www.berrebi.org\/index.php\/wp-json\/wp\/v2\/users\/1"}],"replies":[{"embeddable":true,"href":"https:\/\/www.berrebi.org\/index.php\/wp-json\/wp\/v2\/comments?post=309"}],"version-history":[{"count":0,"href":"https:\/\/www.berrebi.org\/index.php\/wp-json\/wp\/v2\/posts\/309\/revisions"}],"wp:attachment":[{"href":"https:\/\/www.berrebi.org\/index.php\/wp-json\/wp\/v2\/media?parent=309"}],"wp:term":[{"taxonomy":"category","embeddable":true,"href":"https:\/\/www.berrebi.org\/index.php\/wp-json\/wp\/v2\/categories?post=309"},{"taxonomy":"post_tag","embeddable":true,"href":"https:\/\/www.berrebi.org\/index.php\/wp-json\/wp\/v2\/tags?post=309"}],"curies":[{"name":"wp","href":"https:\/\/api.w.org\/{rel}","templated":true}]}}