{"id":1430,"date":"2009-04-08T08:44:41","date_gmt":"2009-04-08T07:44:41","guid":{"rendered":"http:\/\/www.berrebi.org\/2009\/04\/08\/je-prends-1-semaine-de-vacances-pour-pessah-paque-juive\/"},"modified":"2009-04-08T08:44:41","modified_gmt":"2009-04-08T07:44:41","slug":"je-prends-1-semaine-de-vacances-pour-pessah-paque-juive","status":"publish","type":"post","link":"https:\/\/www.berrebi.org\/index.php\/2009\/04\/08\/je-prends-1-semaine-de-vacances-pour-pessah-paque-juive\/","title":{"rendered":"Je prends 1 semaine de vacances pour Pessah (Paque Juive)"},"content":{"rendered":"<p>Bonjour \u00e0 tous,<\/p>\n<p>Apr\u00e8s la formidable b\u00e9n\u00e9diction du soleil qui a r\u00e9uni des dizaines de milliers de personnes au lever du jour aux 4 coins du monde ce matin (<a href=\"http:\/\/www.flickr.com\/search\/?q=birkat&amp;s=rec\">voir photos arrivant sur Flickr<\/a> et <a href=\"http:\/\/www.youtube.com\/results?search_type=videos&amp;search_query=birkat&amp;search_sort=video_date_uploaded\">vid\u00e9os sur Youtube<\/a>) , ce soir d\u00e9butera la Paque Juive\u00a0 (Pessah-Passover) qui comm\u00e9more la sortie du peuple juif d&#8217;Egypte (10 plaies, sortie du pays, ouverture de la mer rouge etc..). Pendant 1 semaine, nous mangerons ce que nos anc\u00eatres mangeaient en Egypte et \u00e0 la sortie: du pain azyme (Matzots)<\/p>\n<p>Je prends une semaine de cong\u00e9s \u00e0 partir de cet apr\u00e8s midi jusqu&#8217;\u00e0 jeudi prochain (16 avril).<\/p>\n<p>Je souhaite \u00e0 toutes les personnes concern\u00e9es de tr\u00e8s bonnes f\u00eates et \u00e0 tous les autres, une tr\u00e8s bonne semaine !<\/p>\n<p>Si vous d\u00e9sirez me joindre <strong>d&#8217;urgence<\/strong> pendant cette semaine, faites-moi parvenir un num\u00e9ro de tel par email et je vous rappellerai. Je n&#8217;enverrai aucun email pendant cette p\u00e9riode !<\/p>\n<p>A tr\u00e8s bient\u00f4t !<\/p>\n","protected":false},"excerpt":{"rendered":"<p>Bonjour \u00e0 tous, Apr\u00e8s la formidable b\u00e9n\u00e9diction du soleil qui a r\u00e9uni des dizaines de milliers de personnes au lever du jour aux 4 coins&#8230;<\/p>\n<div class=\"more-link-wrapper\"><a class=\"more-link\" href=\"https:\/\/www.berrebi.org\/index.php\/2009\/04\/08\/je-prends-1-semaine-de-vacances-pour-pessah-paque-juive\/\">Continue reading<span class=\"screen-reader-text\">Je prends 1 semaine de vacances pour Pessah (Paque Juive)<\/span><\/a><\/div>\n","protected":false},"author":2,"featured_media":0,"comment_status":"open","ping_status":"open","sticky":false,"template":"","format":"standard","meta":{"footnotes":""},"categories":[1],"tags":[],"class_list":["post-1430","post","type-post","status-publish","format-standard","hentry","category-uncategorized","entry"],"_links":{"self":[{"href":"https:\/\/www.berrebi.org\/index.php\/wp-json\/wp\/v2\/posts\/1430","targetHints":{"allow":["GET"]}}],"collection":[{"href":"https:\/\/www.berrebi.org\/index.php\/wp-json\/wp\/v2\/posts"}],"about":[{"href":"https:\/\/www.berrebi.org\/index.php\/wp-json\/wp\/v2\/types\/post"}],"author":[{"embeddable":true,"href":"https:\/\/www.berrebi.org\/index.php\/wp-json\/wp\/v2\/users\/2"}],"replies":[{"embeddable":true,"href":"https:\/\/www.berrebi.org\/index.php\/wp-json\/wp\/v2\/comments?post=1430"}],"version-history":[{"count":0,"href":"https:\/\/www.berrebi.org\/index.php\/wp-json\/wp\/v2\/posts\/1430\/revisions"}],"wp:attachment":[{"href":"https:\/\/www.berrebi.org\/index.php\/wp-json\/wp\/v2\/media?parent=1430"}],"wp:term":[{"taxonomy":"category","embeddable":true,"href":"https:\/\/www.berrebi.org\/index.php\/wp-json\/wp\/v2\/categories?post=1430"},{"taxonomy":"post_tag","embeddable":true,"href":"https:\/\/www.berrebi.org\/index.php\/wp-json\/wp\/v2\/tags?post=1430"}],"curies":[{"name":"wp","href":"https:\/\/api.w.org\/{rel}","templated":true}]}}