{"id":1427,"date":"2009-04-07T21:51:57","date_gmt":"2009-04-07T20:51:57","guid":{"rendered":"http:\/\/www.berrebi.org\/2009\/04\/07\/la-benediction-du-soleil-demain-matin-une-fois-tous-les-28-ans\/"},"modified":"2009-04-07T21:51:57","modified_gmt":"2009-04-07T20:51:57","slug":"la-benediction-du-soleil-demain-matin-une-fois-tous-les-28-ans","status":"publish","type":"post","link":"https:\/\/www.berrebi.org\/index.php\/2009\/04\/07\/la-benediction-du-soleil-demain-matin-une-fois-tous-les-28-ans\/","title":{"rendered":"La B\u00e9n\u00e9diction du soleil demain matin: Une fois tous les 28 ans !"},"content":{"rendered":"<p>Tous les 28 ans, les communaut\u00e9s juives dans le monde lisent la b\u00e9n\u00e9diction du soleil.<\/p>\n<p>Demain matin, 8 avril 2009,\u00a0 la b\u00e9n\u00e9diction du soleil sera lue \u00e0 nouveau dans les 3 premi\u00e8res heures apr\u00e8s le lever du soleil !<\/p>\n<p>Cet \u00e9v\u00e9nement, qui tombe tous les 28 ans un mercredi matin, comm\u00e9more le renouveau du cycle solaire un mercredi (le soleil ayant \u00e9t\u00e9 cr\u00e9\u00e9 le 4eme jour de la cr\u00e9ation du monde (soit un mercredi), il reprend \u00e0 son cycle initial ce moment-l\u00e0 gr\u00e2ce \u00e0 un calcul que vous d\u00e9couvrirez dans l&#8217;un des articles ci dessous.<\/p>\n<p>J&#8217;aurais voulu \u00e9crire un post plus long sur ce sujet que je connais particuli\u00e8rement bien mais, malheureusement, le temps me manque ce soir !<\/p>\n<p>Je vous invite donc \u00e0 consulter les articles ci-dessous.<\/p>\n<p>Cet \u00e9v\u00e9nement n&#8217;est pas particuli\u00e8rement plus important qu&#8217;un autre dans le juda\u00efsme, mais c&#8217;est l&#8217;\u00e9v\u00e9nement le plus rare de notre calendrier. Il fait donc couler beaucoup d&#8217;encre et demain matin vers 6h30, les rues de la ville o\u00f9 je vis (<a href=\"http:\/\/fr.wikipedia.org\/wiki\/Bnei_Brak\">Bnei Brak<\/a>) seront bond\u00e9es de dizaines de milliers de personnes \u00e0 cette occasion. La derni\u00e8re fois que cet \u00e9v\u00e9nement est arriv\u00e9, j&#8217;avais 2 ans&#8230; et la prochaine fois, j&#8217;aurais 58 ans&#8230;<\/p>\n<p>A lire donc:<\/p>\n<p><a href=\"http:\/\/www.cheela.org\/articles_rubrique.php?affiche_article=1&amp;rub=14&amp;article_id=148\">La b\u00e9n\u00e9diction pour la cr\u00e9ation du soleil<\/a> (sur Cheela.org). Excellent article.<\/p>\n<p><a href=\"http:\/\/www.calj.net\/chama\">B\u00e9n\u00e9diction du soleil<\/a> (sur Le Calendrier Juif)<\/p>\n<p><a href=\"http:\/\/roger.stioui.free.fr\/images\/A_propos_de_birkat_hahama_et_du_cycle_solaire.pdf\">A propos de Birkat Ha&#8217;hama et du cycle solaire<\/a> (par Roger Stioui)<\/p>\n<div class=\"zemanta-pixie\"><img decoding=\"async\" class=\"zemanta-pixie-img\" src=\"http:\/\/img.zemanta.com\/pixy.gif?x-id=d123659d-77e1-8f48-8c35-1b0edae774f9\" alt=\"\" \/><\/div>\n","protected":false},"excerpt":{"rendered":"<p>Tous les 28 ans, les communaut\u00e9s juives dans le monde lisent la b\u00e9n\u00e9diction du soleil. Demain matin, 8 avril 2009,\u00a0 la b\u00e9n\u00e9diction du soleil sera&#8230;<\/p>\n<div class=\"more-link-wrapper\"><a class=\"more-link\" href=\"https:\/\/www.berrebi.org\/index.php\/2009\/04\/07\/la-benediction-du-soleil-demain-matin-une-fois-tous-les-28-ans\/\">Continue reading<span class=\"screen-reader-text\">La B\u00e9n\u00e9diction du soleil demain matin: Une fois tous les 28 ans !<\/span><\/a><\/div>\n","protected":false},"author":2,"featured_media":0,"comment_status":"open","ping_status":"open","sticky":false,"template":"","format":"standard","meta":{"footnotes":""},"categories":[1],"tags":[],"class_list":["post-1427","post","type-post","status-publish","format-standard","hentry","category-uncategorized","entry"],"_links":{"self":[{"href":"https:\/\/www.berrebi.org\/index.php\/wp-json\/wp\/v2\/posts\/1427","targetHints":{"allow":["GET"]}}],"collection":[{"href":"https:\/\/www.berrebi.org\/index.php\/wp-json\/wp\/v2\/posts"}],"about":[{"href":"https:\/\/www.berrebi.org\/index.php\/wp-json\/wp\/v2\/types\/post"}],"author":[{"embeddable":true,"href":"https:\/\/www.berrebi.org\/index.php\/wp-json\/wp\/v2\/users\/2"}],"replies":[{"embeddable":true,"href":"https:\/\/www.berrebi.org\/index.php\/wp-json\/wp\/v2\/comments?post=1427"}],"version-history":[{"count":0,"href":"https:\/\/www.berrebi.org\/index.php\/wp-json\/wp\/v2\/posts\/1427\/revisions"}],"wp:attachment":[{"href":"https:\/\/www.berrebi.org\/index.php\/wp-json\/wp\/v2\/media?parent=1427"}],"wp:term":[{"taxonomy":"category","embeddable":true,"href":"https:\/\/www.berrebi.org\/index.php\/wp-json\/wp\/v2\/categories?post=1427"},{"taxonomy":"post_tag","embeddable":true,"href":"https:\/\/www.berrebi.org\/index.php\/wp-json\/wp\/v2\/tags?post=1427"}],"curies":[{"name":"wp","href":"https:\/\/api.w.org\/{rel}","templated":true}]}}