{"id":1366,"date":"2009-02-18T08:13:39","date_gmt":"2009-02-18T07:13:39","guid":{"rendered":"http:\/\/www.berrebi.org\/2009\/02\/18\/affaire-facebook-les-internautes-sont-de-gros-hypocrites\/"},"modified":"2009-02-18T08:13:39","modified_gmt":"2009-02-18T07:13:39","slug":"affaire-facebook-les-internautes-sont-de-gros-hypocrites","status":"publish","type":"post","link":"https:\/\/www.berrebi.org\/index.php\/2009\/02\/18\/affaire-facebook-les-internautes-sont-de-gros-hypocrites\/","title":{"rendered":"Affaire Facebook : Les internautes sont de gros hypocrites !"},"content":{"rendered":"<p>Depuis des ann\u00e9es, nous lisons des milliers d&#8217;articles concernant le piratage ill\u00e9gal de logiciels, de films et de musique. Les internautes demandent aux artistes et aux \u00e9diteurs de changer de mod\u00e8le \u00e9conomique, de passer \u00e0 un mod\u00e9le tout gratuit&#8230;Plus de 500 000 films sont t\u00e9l\u00e9charg\u00e9s ill\u00e9galement en France chaque jour.<\/p>\n<p>Les internautes ralent des tarifs des places de cin\u00e9ma, pensent que la culture (sic!)&nbsp; devrait appartenir \u00e0 tous et \u00eatre gratuite. Lorsque <a href=\"http:\/\/www.lemonde.fr\/archives\/article\/2009\/02\/14\/halte-au-piratage-a-grande-echelle-via-internet-par-luc-besson_1155431_0.html\">Luc Besson affirme dans une tribune paru dans le Monde<\/a> il y a quelques jours qu&#8217;il faut combattre le fl\u00e9au du piratage des oeuvres en ligne, il se fait incendier, injurier comme s&#8217;il avait demand\u00e9 au monde de se s\u00e9parer d&#8217;une de ses libert\u00e9s \u00e9l\u00e9mentaires.<\/p>\n<p>Depuis 48h, <a href=\"http:\/\/fr.techcrunch.com\/2009\/02\/17\/marck-zuckerberg-sexplique-sur-la-nouvelle-politique-des-donnees-de-facebook-cest-complique\/\">l&#8217;affaire Facebook fait fureur sur Internet<\/a>. Facebook a, en effet, modifi\u00e9 ses conditions g\u00e9n\u00e9rales pour affirmer que les contenus que ses utilisateurs mettent en ligne resteront en ligne et seront propri\u00e9t\u00e9 de Facebook apr\u00e8s la suppression du compte de cet utilisateur.<\/p>\n<p>Mark Zuckerberg, le PDG de Facebook, a expliqu\u00e9 clairement pourquoi cette d\u00e9cision a \u00e9t\u00e9 prise. Pour ceux qui pensaient que Facebook allait faire un &#8220;business&#8221; avec le contenu perso des utilisateurs, la r\u00e9ponse est tout autre tel qu&#8217;on le voit sur <a href=\"http:\/\/blog.facebook.com\/blog.php?post=54434097130\">le blog de Facebook<\/a> (<a href=\"http:\/\/fr.techcrunch.com\/2009\/02\/17\/marck-zuckerberg-sexplique-sur-la-nouvelle-politique-des-donnees-de-facebook-cest-complique\/\">Traduction fran\u00e7aise par Techcrunch France ci dessous<\/a>)<\/p>\n<p><i>Notre philosophie est claire; les utilisateurs ont le contr\u00f4le sur le partage de leurs donn\u00e9es\u2026La question pos\u00e9e est de savoir si Facebook peut utiliser ces informations \u00e9ternellement. Quand une personne partage un message avec une autre, il existe deux copies, une dans dans sa boite \u00e0 messages et l\u2019autre dans celle de l\u2019autre personne. M\u00eame si la premi\u00e8re personne ferme son compte la deuxi\u00e8me copie est toujours intacte chez l\u2019autre personne. Et c\u2019est comme cela que fonctionnent tous les r\u00e9seaux et le services email. Nous avons modifi\u00e9 les conditions g\u00e9n\u00e9rales afin que cela soit plus clair pour tous<\/p>\n<p>En r\u00e9alit\u00e9 nous ne souhaitons pas utiliser vos donn\u00e9es d\u2019une fa\u00e7on qui ne serait pas tol\u00e9rable pour vous. La confiance dans notre r\u00e9seau afin de partager des informations est l\u2019aspect le plus important de notre travail et de nos efforts\u2026<\/p>\n<p>On remarque avec cette modification dans les conditions g\u00e9n\u00e9rales l\u2019importance et la complexit\u00e9 du sujet. Les gens veulent avoir le contr\u00f4le complet sur leurs informations quand ils sont sur le service et quand ils le quittent mais ils veulent aussi avoir la possibilit\u00e9 de les partager avec qui bon leur semble; adresses, messages, email, num\u00e9ros de t\u00e9l\u00e9phones,etc\u2026Cela cr\u00e9e une ambigu\u00eft\u00e9 forcement; difficile de mettre en place une fonctionnalit\u00e9 qui permettrait de contr\u00f4ler mes donn\u00e9es chez moi et \u00e0 distance chez les utilisateurs avec qui j\u2019ai partag\u00e9 ces donn\u00e9es.<br \/><\/i><br \/>Je trouve l&#8217;explication de Zuckerberg juste et claire. Le probl\u00e8me n&#8217;est pas \u00e9vident et Facebook a du faire des choix. En tant qu&#8217;entrepreneur du Web, travaillant sur de nouveaux mod\u00e8les de contenus, revenus, nous sommes confront\u00e9s TOUS LES JOURS \u00e0 ce genre de probl\u00e9matique et devons trancher pour un choix ou un autre sachant qu&#8217;il n&#8217;y a pas de solution qui plaira \u00e0 tout le monde. Comme je le dis souvent, il faudrait que je sois sponsoris\u00e9 par Doliprane tellement ces casses t\u00eates sont complexes.<\/p>\n<p>Toutefois, la pol\u00e9mique enfle, des tonnes d&#8217;articles paraissent sur le Web insultant Facebook qui vole le contenu des utilisateurs. J&#8217;ai m\u00eame vu dans l&#8217;un des statuts de l&#8217;une de mes &#8220;friends&#8221; Facebook qu&#8217;elle avait d\u00e9cid\u00e9 d&#8217;effacer toutes ses photos de Facebook &#8220;suite aux nouvelles conditions g\u00e9n\u00e9rales&#8221;.<\/p>\n<p>Quelle hypocrisie !! Lorsque vous t\u00e9l\u00e9chargez des films et de la musique en ligne, ill\u00e9galement, vous pensez que vous avez une bonne raison de le faire. Vous avez transform\u00e9 cet univers de vol en une libert\u00e9 que personne ne devrait vous enlever.<\/p>\n<p>Ah ? les contenus appartiennent aux auteurs ? aux musiciens ? aux artistes ? Cela ne change rien pour vous, les internautes. On continue \u00e0 piller du contenu en t\u00e9l\u00e9chargeant parfois des dizaines de films,logiciels et musiques \u00e0 la fois.<\/p>\n<p>Maintenant que l&#8217;on parle de vous enlever vous droits sur VOS contenus, vous ralez ! Quels voleurs ces gars de Facebook !!!<\/p>\n<p>On ne parle pas de contenu ayant cout\u00e9 cher \u00e0 cr\u00e9er dans ces cas. On parle de photos persos en g\u00e9n\u00e9ral sans valeur, de statuts racontant que l&#8217;on est en train de faire la vaisselle, de vid\u00e9os \u00e0 90% pomp\u00e9s de gens \u00e0 qui elles appartiennent vraiment.<\/p>\n<p>Mais non, pour cela, on parle de libert\u00e9 individuelle, d&#8217;atteinte au droit de la propri\u00e9t\u00e9. J&#8217;ai m\u00eame vu Facebook appel\u00e9 Facistbook aux Etats Unis.<\/p>\n<p>D\u00e9sol\u00e9, mais vous, internautes \u00eates hypocrites et \u00e9goistes. Si le contenu ne vaut rien comme vous le laissez entendre en t\u00e9l\u00e9chargeant des tonnes de contenus ill\u00e9gaux, le votre ne devrait rien valoir non plus ! <\/p>\n<p>A bon entendeur&#8230;<\/p>\n<p>PS: Pendant que j&#8217;\u00e9cris ces lignes, Facebook annonce avoir c\u00e9d\u00e9 \u00e0 la pression <a href=\"http:\/\/mashable.com\/2009\/02\/17\/breaking-facebook-reverts-to-previous-terms-of-service\/\">et repasse \u00e0 ses anciennes conditions g\u00e9n\u00e9rales.<\/a><br \/>La majorit\u00e9 a parl\u00e9&#8230;mais la raison, elle, reste au placard.<\/p>\n<div class=\"zemanta-pixie\"><img decoding=\"async\" class=\"zemanta-pixie-img\" src=\"http:\/\/img.zemanta.com\/pixy.gif?x-id=310f9c20-00bd-4cfd-87ca-862f8d84ee8a\" \/><\/div>\n","protected":false},"excerpt":{"rendered":"<p>Depuis des ann\u00e9es, nous lisons des milliers d&#8217;articles concernant le piratage ill\u00e9gal de logiciels, de films et de musique. Les internautes demandent aux artistes et&#8230;<\/p>\n<div class=\"more-link-wrapper\"><a class=\"more-link\" href=\"https:\/\/www.berrebi.org\/index.php\/2009\/02\/18\/affaire-facebook-les-internautes-sont-de-gros-hypocrites\/\">Continue reading<span class=\"screen-reader-text\">Affaire Facebook : Les internautes sont de gros hypocrites !<\/span><\/a><\/div>\n","protected":false},"author":2,"featured_media":0,"comment_status":"open","ping_status":"open","sticky":false,"template":"","format":"standard","meta":{"footnotes":""},"categories":[1],"tags":[],"class_list":["post-1366","post","type-post","status-publish","format-standard","hentry","category-uncategorized","entry"],"_links":{"self":[{"href":"https:\/\/www.berrebi.org\/index.php\/wp-json\/wp\/v2\/posts\/1366","targetHints":{"allow":["GET"]}}],"collection":[{"href":"https:\/\/www.berrebi.org\/index.php\/wp-json\/wp\/v2\/posts"}],"about":[{"href":"https:\/\/www.berrebi.org\/index.php\/wp-json\/wp\/v2\/types\/post"}],"author":[{"embeddable":true,"href":"https:\/\/www.berrebi.org\/index.php\/wp-json\/wp\/v2\/users\/2"}],"replies":[{"embeddable":true,"href":"https:\/\/www.berrebi.org\/index.php\/wp-json\/wp\/v2\/comments?post=1366"}],"version-history":[{"count":0,"href":"https:\/\/www.berrebi.org\/index.php\/wp-json\/wp\/v2\/posts\/1366\/revisions"}],"wp:attachment":[{"href":"https:\/\/www.berrebi.org\/index.php\/wp-json\/wp\/v2\/media?parent=1366"}],"wp:term":[{"taxonomy":"category","embeddable":true,"href":"https:\/\/www.berrebi.org\/index.php\/wp-json\/wp\/v2\/categories?post=1366"},{"taxonomy":"post_tag","embeddable":true,"href":"https:\/\/www.berrebi.org\/index.php\/wp-json\/wp\/v2\/tags?post=1366"}],"curies":[{"name":"wp","href":"https:\/\/api.w.org\/{rel}","templated":true}]}}