{"id":1360,"date":"2009-01-29T23:04:51","date_gmt":"2009-01-29T22:04:51","guid":{"rendered":"http:\/\/www.berrebi.org\/2009\/01\/29\/interview-de-jeremy-fain-pdg-de-verteego-le-business-object-du-developpement-durable\/"},"modified":"2009-01-29T23:04:51","modified_gmt":"2009-01-29T22:04:51","slug":"interview-de-jeremy-fain-pdg-de-verteego-le-business-object-du-developpement-durable","status":"publish","type":"post","link":"https:\/\/www.berrebi.org\/index.php\/2009\/01\/29\/interview-de-jeremy-fain-pdg-de-verteego-le-business-object-du-developpement-durable\/","title":{"rendered":"Interview de Jeremy Fain: PDG de Verteego, le Business Object du D\u00e9veloppement Durable"},"content":{"rendered":"<p><a href=\"http:\/\/www.verteego.com\/\"><img decoding=\"async\" style=\"float: right; margin-top: 10px; margin-bottom: 10px; margin-left: 10px;\" src=\"http:\/\/www.verteego.com\/public\/images\/VerteegoLogo.png\" \/><\/a>Aujourd&#8217;hui, je voulais vous pr\u00e9senter <a href=\"http:\/\/www.verteego.com\/\">Verteego<\/a> dont je suis l&#8217;un des modestes actionnaires. Jeremy Fain, en plus d&#8217;avoir un pr\u00e9nom fantastique, est le fondateur du blog collaboratif <a href=\"http:\/\/techiteasy.org\/\">Tech IT Easy<\/a>, un blog anglophone impressionnant de par ces analyses sur plusieurs sujets dans le monde de l&#8217;IT.<\/p>\n<p>Jeremy nous expliquera dans cette interview ce qu&#8217;est <a href=\"http:\/\/www.verteego.com\/\">Verteego<\/a>, comment lui est venu cette id\u00e9e ainsi que son parcours !<\/p>\n<p><b>Interview<\/b><br \/><b>Peux tu te pr\u00e9senter ?<\/b><\/p>\n<p>Je m&#8217;appelle Jeremy Fain, j&#8217;ai 26 ans. J&#8217;ai cofond\u00e9 <a href=\"http:\/\/www.verteego.com\">Verteego<\/a>. Je m&#8217;occupe en particulier du marketing, du back-office &amp; des ventes.<\/p>\n<p>    Qu&#8217;est ce que <a href=\"http:\/\/www.verteego.com\">Verteego<\/a>?<\/p>\n<p>Verteego est une startup qui se consacre \u00e0 l&#8217;\u00e9dition et la commercialisation de <b>solutions de d\u00e9veloppement durables<\/b> pour les entreprises. <\/p>\n<p>C&#8217;est-\u00e0-dire qu&#8217;en gros, on aide les entreprises \u00e0 valoriser leurs bonnes pratiques sociales et environnementales aupr\u00e8s de l&#8217;ext\u00e9rieur.<\/p>\n<p>A ce jour, Verteego commercialise 2 services, accessibles par abonnement: <\/p>\n<p><a href=\"http:\/\/www.verteego.com\">Verteego Report<\/a> (<a href=\"http:\/\/www.verteego.com\">http:\/\/www.verteego.com<\/a>) d\u00e9di\u00e9 \u00e0 la cr\u00e9ation et la publication par les PME-PMI de leur rapport de d\u00e9veloppement durable; et <\/p>\n<p><a href=\"http:\/\/www.verteegocarbon.com\">Verteego Carbon<\/a>, (<a href=\"http:\/\/www.verteegocarbon.com\">http:\/\/www.verteegocarbon.com<\/a>) logiciel de r\u00e9alisation de son Bilan Carbone ADEME sur Internet \u00e0 destination des consultants habilit\u00e9s Bilan Carbone et des directions Environnement des grands comptes.<\/p>\n<p><a href=\"http:\/\/www.verteego.com\">Verteego<\/a>, ce sont aussi et avant tout 7 personnes passionn\u00e9es &amp; enthousiastes qui souhaitent permettre aux organisations d&#8217;\u00eatre autonomes dans leur appropriation du d\u00e9veloppement durable gr\u00e2ce \u00e0 des outils simples, abordables, et efficaces.<\/p>\n<p>Verteego est labellis\u00e9e OSEO Innovation, incub\u00e9e par Agoranov, laur\u00e9ate de Scientip\u00f4le-Initiative, membre du r\u00e9seau Durap\u00f4le et du cluster Optics Valley, et surtout organizational stakeholder de la Global Reporting Initiative, un groupe de travail cr\u00e9\u00e9 par l&#8217;ONU et qui r\u00e9fl\u00e9chit \u00e0 des batteries d&#8217;indicateurs de d\u00e9veloppement durable pertinentes pour les entreprises &#8211; r\u00e9flexions que nous int\u00e9grons pleinement \u00e0 nos services en ligne.<\/p>\n<p><b>    A qui t&#8217;adresses tu?<\/b><\/p>\n<p><a href=\"http:\/\/www.verteego.com\">Verteego Report<\/a> (<a href=\"http:\/\/www.verteego.com\">http:\/\/www.verteego.com<\/a>) s&#8217;adresse clairement aux PME-PMI. On permet aux PME de r\u00e9duire leur d\u00e9ficit de comp\u00e9titivit\u00e9 face aux grands groupes qui ont les moyens de faire faire chaque ann\u00e9 un pav\u00e9 sur leur d\u00e9veloppement durable. Gr\u00e2ce \u00e0 Verteego Report, les PME communiquent leurs bonnes pratiques et mettent en valeur leurs atouts. <\/p>\n<p>Elles peuvent aussi utiliser leur rapport comme outil de communication aupr\u00e8s de leurs actionnaires, de plus en plus sensibles \u00e0 la responsabilit\u00e9 soci\u00e9tale, et de leurs donneurs d&#8217;ordres &#8211; c&#8217;est-\u00e0-dire que les PME-PMI annexent leur rapport de d\u00e9veloppement durable \u00e0 leurs r\u00e9ponses \u00e0 des appels d&#8217;offres, publics ou priv\u00e9s. <\/p>\n<p>Ce qui leur permet de remporter plus d&#8217;affaires et de d\u00e9velopper de nouveaux march\u00e9s. Verteego Report est \u00e9galement un outil de r\u00e9f\u00e9rencement web car les rapports sont accessibles publiquement sur une adresse Internet personnalis\u00e9e contenant un lien vers le site de l&#8217;entreprise. Par exemple celui de Zlio: <a href=\"http:\/\/www.verteego.com\/report\/zlio\">http:\/\/www.verteego.com\/report\/zlio<\/a><\/p>\n<p>Quant \u00e0 <a href=\"http:\/\/www.verteegocarbon.com\">Verteego Carbon<\/a> (<a href=\"http:\/\/www.verteegocarbon.com\">http:\/\/www.verteegocarbon.com<\/a>), il s&#8217;agit avant tout d&#8217;un outil destin\u00e9 aux grands comptes industriels multisites, aux collectivit\u00e9s publiques, et aux consultants habilit\u00e9s Bilan Carbone ou autres bureaux d&#8217;\u00e9tudes en environnement. Mais on re\u00e7oit de plus en plus d&#8217;appels entrants de PME &#8211; PMI souhaitant r\u00e9aliser elles aussi leur Bilan Carbone, car faire son Bilan Carbone permet de mieux comprendre ses processus pour les rationaliser, et minimiser son risque et ses d\u00e9pendances \u00e9nerg\u00e9tiques en r\u00e9duisant ses \u00e9missions de CO2 et de mani\u00e8re g\u00e9n\u00e9rale son empreinte \u00e9cologique.<\/p>\n<p><b>    Quel est le business model de la plateforme?<\/b><\/p>\n<p><a href=\"http:\/\/www.Verteego.com\">Verteego.com<\/a> fonctionne sur le mod\u00e8le des abonnements freemium: toutes les entreprises peuvent gratuitement se cr\u00e9er un compte illimit\u00e9 dans le temps et en nombre d&#8217;utilisateurs, mais limit\u00e9 dans les th\u00e8mes que contiendra leur rapport de d\u00e9veloppement durable. Pour les entreprises qui upgradent leur compte \u00e0 la version payante et qui donc ont acc\u00e8s aux 56 th\u00e8mes du rapport (au lieu de 5 th\u00e8mes en version gratuite) et \u00e0 du support personnalis\u00e9 par email, le co\u00fbt est modique (EUR 29,99\/mois).<br \/> <a href=\"http:\/\/www.verteegocarbon.com\"><br \/>Verteego Carbon<\/a> est un service payant, dont l&#8217;abonnement pour un an (6 mois au maximum pour la collecte, puis 6 mois de conservation des donn\u00e9es) co\u00fbte EUR 500 \/ mois \/ site physique (sachant qu&#8217;un site physique \u00e9quivaut grosso modo \u00e0 un compteur d&#8217;\u00e9lectricit\u00e9).<\/p>\n<p><b>    Es tu a la recherche de partenaires?<\/b><\/p>\n<p>Oui, Verteego recherche des partenaires: notamment des grands comptes industriels cherchant \u00e0 mettre en place des politiques d&#8217;achats responsables (int\u00e9gration dans la s\u00e9lection des fournisseurs de crit\u00e8res de responsabilit\u00e9 environnementale &amp; sociale en sus des traditionnels qualit\u00e9, co\u00fbts et d\u00e9lais), des collectivit\u00e9s qui souhaitent outiller les PME-PMI de leur territoire avec des syst\u00e8mes de management de leur d\u00e9veloppement durable, et enfin des fonds d&#8217;investissement (LBO, capital-risque, OPCVM,&#8230;) qui, face \u00e0 la crise, souhaitent int\u00e9grer une d\u00e9marche d&#8217;investissement socialement responsable (ISR) dans leur s\u00e9lection de soci\u00e9t\u00e9s et la gestion de leur portefeuille.<\/p>\n<p><b>    Comment es tu venu a travailler sur ce projet?<\/b><\/p>\n<p>Je viens du web, qui est une passion, et avais toujours eu une sensibilit\u00e9 &#8220;\u00e9colo&#8221;, mais pas purement environnementaliste: je pense qu&#8217;il est impensable dedissocier les pr\u00e9occupations environnementales (lutte contre les changements climatiques) de leurs cons\u00e9quences sociales (in\u00e9galit\u00e9s croissantes), soci\u00e9tales (r\u00e9fugi\u00e9s climatiques), ou en termes d&#8217;innovation (la hausse des prix du p\u00e9trole, que je regrette, avait pouss\u00e9 \u00e0 plus d&#8217;inventivit\u00e9) et de gouvernance et transparence.<\/p>\n<p>Je pense aussi \u00eatre un entrepreneur dans l&#8217;\u00e2me, c&#8217;est quasi-g\u00e9n\u00e9tique: personne n&#8217;est salari\u00e9 dans ma famille, m\u00eame si ce sont principalement des professions lib\u00e9rales. Donc la question n&#8217;\u00e9tait pas &#8216;allais-je cr\u00e9er une entreprise&#8217; mais &#8216;quand&#8217;, &#8216;o\u00f9&#8217; et &#8216;quoi&#8217;.<\/p>\n<p>Ensuite, et c&#8217;est peut-\u00eatre le point le plus important, j&#8217;ai pu constater que le fait que beaucoup d&#8217;entreprises faisaient du d\u00e9veloppement durable mais qu&#8217;au contraire des grands groupes qui ont les moyens, elles ne le communiquaient pas. &#8220;Faire du d\u00e9veloppement durable&#8221;, c&#8217;est tout aussi bien respecter ses employ\u00e9s et partenaires en affaires que mettre en oeuvre des actions de r\u00e9duction de son impact environnemental. Avec mes associ\u00e9s, nous avons trouv\u00e9 dommage que les PME n&#8217;aient pas d&#8217;outil de communication abordable efficace, comme peut l&#8217;\u00eatre Verteego Report ;), pour dire tout haut ce qu&#8217;elles font de bien tout bas.<\/p>\n<p>Enfin, pour les chefs d&#8217;entreprise et leurs collaborateurs qui entendent parler toute la journ\u00e9e de d\u00e9veloppement durable mais qui ne savent pas par o\u00f9 prendre le probl\u00e8me, nous avons aussi con\u00e7u Verteego Report pour les sensibiliser \u00e0 ces probl\u00e9matiques, leur offrir un cadre de prise de conscience des enjeux qui concernent leurs activit\u00e9s, et d&#8217;am\u00e9lioration de leur performance d\u00e9veloppement durable.<\/p>\n<p>Quant \u00e0 Verteego Carbon, on a tout simplement eu beaucoup de demande de la part de grands comptes pour un tel service. Donc on l&#8217;a d\u00e9velopp\u00e9 et commercialis\u00e9, et \u00e7a march\u00e9 tr\u00e8s bien!<\/p>\n<p><b>    Est que ton parcours en tant qu&#8217;\u00e9l\u00e8ve d&#8217;HEC t&#8217;est utile?<\/b><\/p>\n<p>Alors, j&#8217;ai \u00e9t\u00e9 dipl\u00f4m\u00e9 d&#8217;HEC en juillet 2007, mais j&#8217;avais quitt\u00e9 de facto le campus en juin 2005 avant de partir en ann\u00e9e de c\u00e9sure \u00e0 l&#8217;\u00e9tranger, puis de faire ma majeure en informatique &amp; t\u00e9l\u00e9communications sur les bancs des ing\u00e9nieurs de Centrale Paris.<br \/>Il est clair que j&#8217;ai appris plein de trucs utiles \u00e0 HEC, qui est une excellente \u00e9cole sur un campus o\u00f9 l&#8217;on s&#8217;amuse bien tout en se forgeant une bonne culture g\u00e9n\u00e9rale des sciences de gestion. <\/p>\n<p>Mais quand on est entrepreneur, finalement, ce n&#8217;est pas tant le dipl\u00f4me ou les \u00e9tudes qui comptent que le culot, la capacit\u00e9 \u00e0 prendre du recul tout en \u00e9tant dans le feu de l&#8217;action, la volont\u00e9 de r\u00e9pondre au mieux aux besoins des clients &#8211; et \u00e7a, \u00e7a ne s&#8217;apprend nulle part. <\/p>\n<p>J&#8217;ai m\u00eame envie de dire qu&#8217;un dipl\u00f4me, quelqu&#8217;il soit, c&#8217;est de &#8220;l&#8217;inertie acquise&#8221; &#8211; l&#8217;expression est de Paul Val\u00e9ry je crois &#8211; et que l&#8217;inertie est par d\u00e9finition contre-productive pour un entrepreneur. <\/p>\n<p>Par contre, il est \u00e9vident qu&#8217;un dipl\u00f4me sert \u00e0 rassurer ses clients et son banquier, comme \u00e7a peut rassurer sa belle m\u00e8re, mais ce n&#8217;est \u00e9videmment pas une fin en soi et ne garantit rien dans la r\u00e9ussite d&#8217;une aventure, au contraire de la volont\u00e9 r\u00e9ussir et de la qualit\u00e9 d&#8217;un positionnement, d&#8217;une \u00e9quipe, et d&#8217;un service. C&#8217;est a fortiori encore plus vrai quand on parle de web et de d\u00e9veloppement durable qui sont deux continents nouveaux \u00e0 part enti\u00e8re.<\/p>\n<p><b>    Qui sont tes collaborateurs?<\/b><\/p>\n<p>Ca me fait plaisir que tu me poses cette question, car sinon, je t&#8217;en aurais de toutes fa\u00e7ons parl\u00e9. Mon plus grand plaisir depuis le d\u00e9but de l&#8217;aventure Verteego, au-del\u00e0 m\u00eame de satisfaire les centaines d&#8217;entreprises qui utilisent nos services au quotidien et d&#8217;acqu\u00e9rir chaque jour de nouveaux clients et utilisateurs, c&#8217;est d&#8217;aller au bureau tous les jours et de travailler avec mon \u00e9quipe.<\/p>\n<p>Concr\u00e8tement, nous sommes trois \u00e0 \u00eatre \u00e0 l&#8217;origine de Verteego: Rupert Schiessl, autrichien, HEC aussi, ayant r\u00e9alis\u00e9 sa majeure \u00e0 T\u00e9l\u00e9com Paris, qui g\u00e8re l&#8217;\u00e9quipe de d\u00e9veloppement des produits et toutes les questions d&#8217;interface et ergonomie; et Damien Arbault, ing\u00e9nieur chimiste sp\u00e9cialis\u00e9 dans la comptabilit\u00e9 environnementale, qui con\u00e7oit et mod\u00e9lise nos m\u00e9thodologies d&#8217;\u00e9valuation et de calcul de la performance d\u00e9veloppement durable &#8211; m\u00e9thodologies que l&#8217;on int\u00e8gre dans nos produits.<\/p>\n<p>Depuis l&#8217;\u00e9t\u00e9 2007, les fondateurs ont eu le plaisir d&#8217;accueillir des Verteegeeks tr\u00e8s brillants, Vianney, Ben et Keenan notamment, venus renforcer l&#8217;\u00e9quipe de d\u00e9veloppeurs web comme le bureau d&#8217;\u00e9tude. Je peux te dire que rares sont les candidats qui viennent en entretien au bureau qui ne nous disent pas qu&#8217;ils ont rarement vu dans une boite une aussi bonne ambiance de travail.<\/p>\n<p><b>    L&#8217;avenir de Verteego c&#8217;est quoi?<\/b><\/p>\n<p>Pas facile comme question. L&#8217;avenir de Verteego, c&#8217;est des centaines de millions d&#8217;entreprises de toutes tailles qui utilisent <a href=\"http:\/\/www.verteegocarbon.com\">Verteego Carbon<\/a> (<a href=\"http:\/\/www.verteegocarbon.com\">http:\/\/www.verteegocarbon.com<\/a>) pour calculer leurs \u00e9missions de CO2 et r\u00e9duire par la suite leur empreinte carbone, et qui communiquent sur <a href=\"http:\/\/www.verteego.com\">Verteego Report<\/a> (<a href=\"http:\/\/www.verteego.com\">http:\/\/www.verteego.com<\/a>) ce qu&#8217;elles font de bien en termes de responsabilit\u00e9 environnementale et sociale.<\/p>\n<p>J&#8217;invite d&#8217;ailleurs tes lecteurs \u00e0 cr\u00e9er leur compte gratuit et publier leur rapport de d\u00e9veloppement durable sur une adresse Internet personnalis\u00e9e de type http:\/\/www.verteego.com\/report\/votreEntreprise \u00e0 partir du lien suivant: <a href=\"http:\/\/www.verteego.com\/signup\">http:\/\/www.verteego.com\/signup<\/a><\/p>\n","protected":false},"excerpt":{"rendered":"<p>Aujourd&#8217;hui, je voulais vous pr\u00e9senter Verteego dont je suis l&#8217;un des modestes actionnaires. Jeremy Fain, en plus d&#8217;avoir un pr\u00e9nom fantastique, est le fondateur du&#8230;<\/p>\n<div class=\"more-link-wrapper\"><a class=\"more-link\" href=\"https:\/\/www.berrebi.org\/index.php\/2009\/01\/29\/interview-de-jeremy-fain-pdg-de-verteego-le-business-object-du-developpement-durable\/\">Continue reading<span class=\"screen-reader-text\">Interview de Jeremy Fain: PDG de Verteego, le Business Object du D\u00e9veloppement Durable<\/span><\/a><\/div>\n","protected":false},"author":2,"featured_media":0,"comment_status":"open","ping_status":"open","sticky":false,"template":"","format":"standard","meta":{"footnotes":""},"categories":[1],"tags":[],"class_list":["post-1360","post","type-post","status-publish","format-standard","hentry","category-uncategorized","entry"],"_links":{"self":[{"href":"https:\/\/www.berrebi.org\/index.php\/wp-json\/wp\/v2\/posts\/1360","targetHints":{"allow":["GET"]}}],"collection":[{"href":"https:\/\/www.berrebi.org\/index.php\/wp-json\/wp\/v2\/posts"}],"about":[{"href":"https:\/\/www.berrebi.org\/index.php\/wp-json\/wp\/v2\/types\/post"}],"author":[{"embeddable":true,"href":"https:\/\/www.berrebi.org\/index.php\/wp-json\/wp\/v2\/users\/2"}],"replies":[{"embeddable":true,"href":"https:\/\/www.berrebi.org\/index.php\/wp-json\/wp\/v2\/comments?post=1360"}],"version-history":[{"count":0,"href":"https:\/\/www.berrebi.org\/index.php\/wp-json\/wp\/v2\/posts\/1360\/revisions"}],"wp:attachment":[{"href":"https:\/\/www.berrebi.org\/index.php\/wp-json\/wp\/v2\/media?parent=1360"}],"wp:term":[{"taxonomy":"category","embeddable":true,"href":"https:\/\/www.berrebi.org\/index.php\/wp-json\/wp\/v2\/categories?post=1360"},{"taxonomy":"post_tag","embeddable":true,"href":"https:\/\/www.berrebi.org\/index.php\/wp-json\/wp\/v2\/tags?post=1360"}],"curies":[{"name":"wp","href":"https:\/\/api.w.org\/{rel}","templated":true}]}}