{"id":1330,"date":"2009-01-13T11:06:57","date_gmt":"2009-01-13T10:06:57","guid":{"rendered":"http:\/\/www.berrebi.org\/2009\/01\/13\/gaza-ou-lhypocrisie-inegalee-par-wafa-sultan\/"},"modified":"2009-01-13T11:06:57","modified_gmt":"2009-01-13T10:06:57","slug":"gaza-ou-lhypocrisie-inegalee-par-wafa-sultan","status":"publish","type":"post","link":"https:\/\/www.berrebi.org\/index.php\/2009\/01\/13\/gaza-ou-lhypocrisie-inegalee-par-wafa-sultan\/","title":{"rendered":"Gaza ou l&#8217;hypocrisie in\u00e9gal\u00e9e (par Wafa Sultan)"},"content":{"rendered":"<p>On connaissait d\u00e9j\u00e0 Wafa Sultan, syrienne et d&#8217;origine musulmane, pour cette vid\u00e9o impressionnante d&#8217;une interview sur une chaine arabe il y a 2 ans \u00e0 voir ci dessous:<\/p>\n<div class=\"youtube-video\"><object width=\"425\" height=\"344\" data=\"http:\/\/www.youtube.com\/v\/ciOGS6r97oE&amp;hl=en&amp;fs=1\" type=\"application\/x-shockwave-flash\"><param name=\"allowFullScreen\" value=\"true\" \/><param name=\"allowscriptaccess\" value=\"always\" \/><param name=\"src\" value=\"http:\/\/www.youtube.com\/v\/ciOGS6r97oE&amp;hl=en&amp;fs=1\" \/><param name=\"allowfullscreen\" value=\"true\" \/><\/object><\/div>\n<p>On la retrouve d\u00e9sormais dans un article appel\u00e9 <a href=\"http:\/\/www.mediarabe.info\/spip.php?article1644\">Gaza ou l&#8217;hypocrisie in\u00e9gal\u00e9e traduit ici par Mediarabe.info<\/a><\/p>\n<p>On va encore r\u00e9pondre que cette femme n&#8217;est pas une vraie musulmane ou je ne sais pas quoi&#8230;mais j&#8217;attends encore de trouver des articles traitant de mani\u00e8re pos\u00e9 le conflit sans dire &#8220;il y a trop de morts&#8221; toutes les 2 lignes car comme je le dis toujours: &#8220;Nous savons tous qu&#8217;il y en a trop. 1 seul mort est 1 mort de trop&#8221;.<\/p>\n<p style=\"text-align: center;\">Voici un petit nuage de tags concernant cet article montrant en gros les mots les plus largements cit\u00e9s<br \/>\n<img loading=\"lazy\" decoding=\"async\" class=\"aligncenter\" title=\"Wafa Sultan Wordle\" src=\"http:\/\/img.skitch.com\/20090114-nxjag2wf51k1bjxueqwmxdb848.jpg\" alt=\"\" width=\"551\" height=\"224\" \/><\/p>\n","protected":false},"excerpt":{"rendered":"<p>On connaissait d\u00e9j\u00e0 Wafa Sultan, syrienne et d&#8217;origine musulmane, pour cette vid\u00e9o impressionnante d&#8217;une interview sur une chaine arabe il y a 2 ans \u00e0&#8230;<\/p>\n<div class=\"more-link-wrapper\"><a class=\"more-link\" href=\"https:\/\/www.berrebi.org\/index.php\/2009\/01\/13\/gaza-ou-lhypocrisie-inegalee-par-wafa-sultan\/\">Continue reading<span class=\"screen-reader-text\">Gaza ou l&#8217;hypocrisie in\u00e9gal\u00e9e (par Wafa Sultan)<\/span><\/a><\/div>\n","protected":false},"author":2,"featured_media":0,"comment_status":"open","ping_status":"open","sticky":false,"template":"","format":"standard","meta":{"footnotes":""},"categories":[1],"tags":[],"class_list":["post-1330","post","type-post","status-publish","format-standard","hentry","category-uncategorized","entry"],"_links":{"self":[{"href":"https:\/\/www.berrebi.org\/index.php\/wp-json\/wp\/v2\/posts\/1330","targetHints":{"allow":["GET"]}}],"collection":[{"href":"https:\/\/www.berrebi.org\/index.php\/wp-json\/wp\/v2\/posts"}],"about":[{"href":"https:\/\/www.berrebi.org\/index.php\/wp-json\/wp\/v2\/types\/post"}],"author":[{"embeddable":true,"href":"https:\/\/www.berrebi.org\/index.php\/wp-json\/wp\/v2\/users\/2"}],"replies":[{"embeddable":true,"href":"https:\/\/www.berrebi.org\/index.php\/wp-json\/wp\/v2\/comments?post=1330"}],"version-history":[{"count":0,"href":"https:\/\/www.berrebi.org\/index.php\/wp-json\/wp\/v2\/posts\/1330\/revisions"}],"wp:attachment":[{"href":"https:\/\/www.berrebi.org\/index.php\/wp-json\/wp\/v2\/media?parent=1330"}],"wp:term":[{"taxonomy":"category","embeddable":true,"href":"https:\/\/www.berrebi.org\/index.php\/wp-json\/wp\/v2\/categories?post=1330"},{"taxonomy":"post_tag","embeddable":true,"href":"https:\/\/www.berrebi.org\/index.php\/wp-json\/wp\/v2\/tags?post=1330"}],"curies":[{"name":"wp","href":"https:\/\/api.w.org\/{rel}","templated":true}]}}